{"id":1360,"date":"2019-03-12T18:02:52","date_gmt":"2019-03-12T18:02:52","guid":{"rendered":"https:\/\/activaprospect.cat\/?p=1360"},"modified":"2019-04-04T18:04:22","modified_gmt":"2019-04-04T18:04:22","slug":"publicado-el-ultimo-informe-fegp-de-coyuntura-economica-del-2o-semestre-de-2018","status":"publish","type":"post","link":"https:\/\/activaprospect.cat\/es\/2019\/03\/12\/publicado-el-ultimo-informe-fegp-de-coyuntura-economica-del-2o-semestre-de-2018\/","title":{"rendered":"Publicado el \u00faltimo informe FEGP de Coyuntura Econ\u00f3mica del 2\u00ba semestre de 2018"},"content":{"rendered":"\n<p>El martes 12 de marzo se present\u00f3 el n\u00famero 44 del Informe de Coyuntura Econ\u00f3mica de las comarcas del Garraf, Alt Pened\u00e8s y el Baix Pened\u00e8s. El informe, publicado por la Federaci\u00f3n Empresarial del Gran Pened\u00e8s y elaborado por Act\u00edva Prospect, muestra las tendencias de los indicadores macroecon\u00f3micos en el contexto global y analiza la evoluci\u00f3n econ\u00f3mica de los principales sectores econ\u00f3micos de las tres comarcas. <\/p>\n\n\n\n<p>Este semestre se caracteriza por una desaceleraci\u00f3n de la econom\u00eda mundial, fruto del debilitamiento del comercio internacional y de la reducci\u00f3n de las previsiones de crecimiento de econom\u00edas como la china. Aunque el ritmo m\u00e1s moderado, la econom\u00eda del Garraf y el Pened\u00e8s contin\u00faa creciendo y creando empleo principalmente gracias al crecimiento de la industria, la construcci\u00f3n y los servicios. <\/p>\n\n\n\n<p>Consulte todos los informes <a href=\"https:\/\/www.fegp.cat\/comunicacio\/estudis\">aqu\u00ed<\/a>.<\/p>\n","protected":false},"excerpt":{"rendered":"<p>El martes 12 de marzo se present\u00f3 el n\u00famero 44 del Informe de Coyuntura Econ\u00f3mica de las comarcas del Garraf, Alt Pened\u00e8s y el Baix Pened\u00e8s. El informe, publicado por la Federaci\u00f3n Empresarial del Gran Pened\u00e8s y elaborado por Act\u00edva Prospect, muestra las tendencias de los indicadores macroecon\u00f3micos en el contexto global y analiza la&hellip;<\/p>\n","protected":false},"author":2,"featured_media":1344,"comment_status":"open","ping_status":"closed","sticky":false,"template":"","format":"standard","meta":{"footnotes":""},"categories":[142],"tags":[],"serveis":[262],"post_series":[],"class_list":["post-1360","post","type-post","status-publish","format-standard","has-post-thumbnail","hentry","category-desarrollo-local","serveis-difusio-socioeconomica-es","entry","has-media"],"yoast_head":"<!-- This site is optimized with the Yoast SEO plugin v26.8 - https:\/\/yoast.com\/product\/yoast-seo-wordpress\/ -->\n<title>Publicado el \u00faltimo informe FEGP de Coyuntura Econ\u00f3mica del 2\u00ba semestre de 2018 - Act\u00edva Prospect<\/title>\n<meta name=\"description\" content=\"Noticias de Activa Prospect: Publicado el \u00faltimo informe FEGP de Coyuntura Econ\u00f3mica del 2\u00ba semestre de 2018.\" \/>\n<meta name=\"robots\" content=\"index, follow, max-snippet:-1, max-image-preview:large, max-video-preview:-1\" \/>\n<link rel=\"canonical\" href=\"https:\/\/activaprospect.cat\/es\/2019\/03\/12\/publicado-el-ultimo-informe-fegp-de-coyuntura-economica-del-2o-semestre-de-2018\/\" \/>\n<meta property=\"og:locale\" content=\"es_ES\" \/>\n<meta property=\"og:type\" content=\"article\" \/>\n<meta property=\"og:title\" content=\"Publicado el \u00faltimo informe FEGP de Coyuntura Econ\u00f3mica del 2\u00ba semestre de 2018 - Act\u00edva Prospect\" \/>\n<meta property=\"og:description\" content=\"Noticias de Activa Prospect: Publicado el \u00faltimo informe FEGP de Coyuntura Econ\u00f3mica del 2\u00ba semestre de 2018.\" \/>\n<meta property=\"og:url\" content=\"https:\/\/activaprospect.cat\/es\/2019\/03\/12\/publicado-el-ultimo-informe-fegp-de-coyuntura-economica-del-2o-semestre-de-2018\/\" \/>\n<meta property=\"og:site_name\" content=\"Act\u00edva Prospect\" \/>\n<meta property=\"article:published_time\" content=\"2019-03-12T18:02:52+00:00\" \/>\n<meta property=\"article:modified_time\" content=\"2019-04-04T18:04:22+00:00\" \/>\n<meta property=\"og:image\" content=\"https:\/\/activaprospect.cat\/wp-content\/uploads\/2019\/04\/2-sem-2019-v2.jpg\" \/>\n\t<meta property=\"og:image:width\" content=\"1200\" \/>\n\t<meta property=\"og:image:height\" content=\"900\" \/>\n\t<meta property=\"og:image:type\" content=\"image\/jpeg\" \/>\n<meta name=\"author\" content=\"Activaprospect\" \/>\n<meta name=\"twitter:card\" content=\"summary_large_image\" \/>\n<meta name=\"twitter:creator\" content=\"@activaprospect\" \/>\n<meta name=\"twitter:site\" content=\"@activaprospect\" \/>\n<meta name=\"twitter:label1\" content=\"Escrito por\" \/>\n\t<meta name=\"twitter:data1\" content=\"Activaprospect\" \/>\n\t<meta name=\"twitter:label2\" content=\"Tiempo de lectura\" \/>\n\t<meta name=\"twitter:data2\" content=\"1 minuto\" \/>\n<script type=\"application\/ld+json\" class=\"yoast-schema-graph\">{\"@context\":\"https:\/\/schema.org\",\"@graph\":[{\"@type\":\"Article\",\"@id\":\"https:\/\/activaprospect.cat\/es\/2019\/03\/12\/publicado-el-ultimo-informe-fegp-de-coyuntura-economica-del-2o-semestre-de-2018\/#article\",\"isPartOf\":{\"@id\":\"https:\/\/activaprospect.cat\/es\/2019\/03\/12\/publicado-el-ultimo-informe-fegp-de-coyuntura-economica-del-2o-semestre-de-2018\/\"},\"author\":{\"name\":\"Activaprospect\",\"@id\":\"https:\/\/activaprospect.cat\/es\/#\/schema\/person\/6d0b94bc026be54d389f6e2c8b29c734\"},\"headline\":\"Publicado el \u00faltimo informe FEGP de Coyuntura Econ\u00f3mica del 2\u00ba semestre de 2018\",\"datePublished\":\"2019-03-12T18:02:52+00:00\",\"dateModified\":\"2019-04-04T18:04:22+00:00\",\"mainEntityOfPage\":{\"@id\":\"https:\/\/activaprospect.cat\/es\/2019\/03\/12\/publicado-el-ultimo-informe-fegp-de-coyuntura-economica-del-2o-semestre-de-2018\/\"},\"wordCount\":161,\"commentCount\":0,\"publisher\":{\"@id\":\"https:\/\/activaprospect.cat\/es\/#organization\"},\"image\":{\"@id\":\"https:\/\/activaprospect.cat\/es\/2019\/03\/12\/publicado-el-ultimo-informe-fegp-de-coyuntura-economica-del-2o-semestre-de-2018\/#primaryimage\"},\"thumbnailUrl\":\"https:\/\/activaprospect.cat\/wp-content\/uploads\/2019\/04\/2-sem-2019-v2.jpg\",\"articleSection\":[\"Desarrollo local\"],\"inLanguage\":\"es\",\"potentialAction\":[{\"@type\":\"CommentAction\",\"name\":\"Comment\",\"target\":[\"https:\/\/activaprospect.cat\/es\/2019\/03\/12\/publicado-el-ultimo-informe-fegp-de-coyuntura-economica-del-2o-semestre-de-2018\/#respond\"]}]},{\"@type\":\"WebPage\",\"@id\":\"https:\/\/activaprospect.cat\/es\/2019\/03\/12\/publicado-el-ultimo-informe-fegp-de-coyuntura-economica-del-2o-semestre-de-2018\/\",\"url\":\"https:\/\/activaprospect.cat\/es\/2019\/03\/12\/publicado-el-ultimo-informe-fegp-de-coyuntura-economica-del-2o-semestre-de-2018\/\",\"name\":\"Publicado el \u00faltimo informe FEGP de Coyuntura Econ\u00f3mica del 2\u00ba semestre de 2018 - Act\u00edva Prospect\",\"isPartOf\":{\"@id\":\"https:\/\/activaprospect.cat\/es\/#website\"},\"primaryImageOfPage\":{\"@id\":\"https:\/\/activaprospect.cat\/es\/2019\/03\/12\/publicado-el-ultimo-informe-fegp-de-coyuntura-economica-del-2o-semestre-de-2018\/#primaryimage\"},\"image\":{\"@id\":\"https:\/\/activaprospect.cat\/es\/2019\/03\/12\/publicado-el-ultimo-informe-fegp-de-coyuntura-economica-del-2o-semestre-de-2018\/#primaryimage\"},\"thumbnailUrl\":\"https:\/\/activaprospect.cat\/wp-content\/uploads\/2019\/04\/2-sem-2019-v2.jpg\",\"datePublished\":\"2019-03-12T18:02:52+00:00\",\"dateModified\":\"2019-04-04T18:04:22+00:00\",\"description\":\"Noticias de Activa Prospect: Publicado el \u00faltimo informe FEGP de Coyuntura Econ\u00f3mica del 2\u00ba semestre de 2018.\",\"breadcrumb\":{\"@id\":\"https:\/\/activaprospect.cat\/es\/2019\/03\/12\/publicado-el-ultimo-informe-fegp-de-coyuntura-economica-del-2o-semestre-de-2018\/#breadcrumb\"},\"inLanguage\":\"es\",\"potentialAction\":[{\"@type\":\"ReadAction\",\"target\":[\"https:\/\/activaprospect.cat\/es\/2019\/03\/12\/publicado-el-ultimo-informe-fegp-de-coyuntura-economica-del-2o-semestre-de-2018\/\"]}]},{\"@type\":\"ImageObject\",\"inLanguage\":\"es\",\"@id\":\"https:\/\/activaprospect.cat\/es\/2019\/03\/12\/publicado-el-ultimo-informe-fegp-de-coyuntura-economica-del-2o-semestre-de-2018\/#primaryimage\",\"url\":\"https:\/\/activaprospect.cat\/wp-content\/uploads\/2019\/04\/2-sem-2019-v2.jpg\",\"contentUrl\":\"https:\/\/activaprospect.cat\/wp-content\/uploads\/2019\/04\/2-sem-2019-v2.jpg\",\"width\":1200,\"height\":900,\"caption\":\"gestion de proyectos\"},{\"@type\":\"BreadcrumbList\",\"@id\":\"https:\/\/activaprospect.cat\/es\/2019\/03\/12\/publicado-el-ultimo-informe-fegp-de-coyuntura-economica-del-2o-semestre-de-2018\/#breadcrumb\",\"itemListElement\":[{\"@type\":\"ListItem\",\"position\":1,\"name\":\"Inici\",\"item\":\"https:\/\/activaprospect.cat\/es\/\"},{\"@type\":\"ListItem\",\"position\":2,\"name\":\"Publicado el \u00faltimo informe FEGP de Coyuntura Econ\u00f3mica del 2\u00ba semestre de 2018\"}]},{\"@type\":\"WebSite\",\"@id\":\"https:\/\/activaprospect.cat\/es\/#website\",\"url\":\"https:\/\/activaprospect.cat\/es\/\",\"name\":\"Act\u00edva Prospect\",\"description\":\"Serveis de recerca, consultoria i assist&egrave;ncia t&egrave;cnica per la implementaci&oacute; de pol&iacute;tiques i projectes en l&#039;&agrave;mbit econ&ograve;mic i social\",\"publisher\":{\"@id\":\"https:\/\/activaprospect.cat\/es\/#organization\"},\"potentialAction\":[{\"@type\":\"SearchAction\",\"target\":{\"@type\":\"EntryPoint\",\"urlTemplate\":\"https:\/\/activaprospect.cat\/es\/?s={search_term_string}\"},\"query-input\":{\"@type\":\"PropertyValueSpecification\",\"valueRequired\":true,\"valueName\":\"search_term_string\"}}],\"inLanguage\":\"es\"},{\"@type\":\"Organization\",\"@id\":\"https:\/\/activaprospect.cat\/es\/#organization\",\"name\":\"ACT\u00cdVA PROSPECT Research & Solutions, S.L.\",\"url\":\"https:\/\/activaprospect.cat\/es\/\",\"logo\":{\"@type\":\"ImageObject\",\"inLanguage\":\"es\",\"@id\":\"https:\/\/activaprospect.cat\/es\/#\/schema\/logo\/image\/\",\"url\":\"https:\/\/activaprospect.cat\/wp-content\/uploads\/2018\/01\/logo-activa.png\",\"contentUrl\":\"https:\/\/activaprospect.cat\/wp-content\/uploads\/2018\/01\/logo-activa.png\",\"width\":365,\"height\":130,\"caption\":\"ACT\u00cdVA PROSPECT Research & Solutions, S.L.\"},\"image\":{\"@id\":\"https:\/\/activaprospect.cat\/es\/#\/schema\/logo\/image\/\"},\"sameAs\":[\"https:\/\/x.com\/activaprospect\",\"https:\/\/www.linkedin.com\/company\/activa-prospect\"]},{\"@type\":\"Person\",\"@id\":\"https:\/\/activaprospect.cat\/es\/#\/schema\/person\/6d0b94bc026be54d389f6e2c8b29c734\",\"name\":\"Activaprospect\",\"image\":{\"@type\":\"ImageObject\",\"inLanguage\":\"es\",\"@id\":\"https:\/\/activaprospect.cat\/es\/#\/schema\/person\/image\/\",\"url\":\"https:\/\/secure.gravatar.com\/avatar\/fcb321e95a052e2a22e9a6db968f9581b435a4e2c56d94a7b433b52695643a80?s=96&d=mm&r=g\",\"contentUrl\":\"https:\/\/secure.gravatar.com\/avatar\/fcb321e95a052e2a22e9a6db968f9581b435a4e2c56d94a7b433b52695643a80?s=96&d=mm&r=g\",\"caption\":\"Activaprospect\"},\"url\":\"https:\/\/activaprospect.cat\/es\/author\/activaprospect\/\"}]}<\/script>\n<!-- \/ Yoast SEO plugin. -->","yoast_head_json":{"title":"Publicado el \u00faltimo informe FEGP de Coyuntura Econ\u00f3mica del 2\u00ba semestre de 2018 - Act\u00edva Prospect","description":"Noticias de Activa Prospect: Publicado el \u00faltimo informe FEGP de Coyuntura Econ\u00f3mica del 2\u00ba semestre de 2018.","robots":{"index":"index","follow":"follow","max-snippet":"max-snippet:-1","max-image-preview":"max-image-preview:large","max-video-preview":"max-video-preview:-1"},"canonical":"https:\/\/activaprospect.cat\/es\/2019\/03\/12\/publicado-el-ultimo-informe-fegp-de-coyuntura-economica-del-2o-semestre-de-2018\/","og_locale":"es_ES","og_type":"article","og_title":"Publicado el \u00faltimo informe FEGP de Coyuntura Econ\u00f3mica del 2\u00ba semestre de 2018 - Act\u00edva Prospect","og_description":"Noticias de Activa Prospect: Publicado el \u00faltimo informe FEGP de Coyuntura Econ\u00f3mica del 2\u00ba semestre de 2018.","og_url":"https:\/\/activaprospect.cat\/es\/2019\/03\/12\/publicado-el-ultimo-informe-fegp-de-coyuntura-economica-del-2o-semestre-de-2018\/","og_site_name":"Act\u00edva Prospect","article_published_time":"2019-03-12T18:02:52+00:00","article_modified_time":"2019-04-04T18:04:22+00:00","og_image":[{"width":1200,"height":900,"url":"https:\/\/activaprospect.cat\/wp-content\/uploads\/2019\/04\/2-sem-2019-v2.jpg","type":"image\/jpeg"}],"author":"Activaprospect","twitter_card":"summary_large_image","twitter_creator":"@activaprospect","twitter_site":"@activaprospect","twitter_misc":{"Escrito por":"Activaprospect","Tiempo de lectura":"1 minuto"},"schema":{"@context":"https:\/\/schema.org","@graph":[{"@type":"Article","@id":"https:\/\/activaprospect.cat\/es\/2019\/03\/12\/publicado-el-ultimo-informe-fegp-de-coyuntura-economica-del-2o-semestre-de-2018\/#article","isPartOf":{"@id":"https:\/\/activaprospect.cat\/es\/2019\/03\/12\/publicado-el-ultimo-informe-fegp-de-coyuntura-economica-del-2o-semestre-de-2018\/"},"author":{"name":"Activaprospect","@id":"https:\/\/activaprospect.cat\/es\/#\/schema\/person\/6d0b94bc026be54d389f6e2c8b29c734"},"headline":"Publicado el \u00faltimo informe FEGP de Coyuntura Econ\u00f3mica del 2\u00ba semestre de 2018","datePublished":"2019-03-12T18:02:52+00:00","dateModified":"2019-04-04T18:04:22+00:00","mainEntityOfPage":{"@id":"https:\/\/activaprospect.cat\/es\/2019\/03\/12\/publicado-el-ultimo-informe-fegp-de-coyuntura-economica-del-2o-semestre-de-2018\/"},"wordCount":161,"commentCount":0,"publisher":{"@id":"https:\/\/activaprospect.cat\/es\/#organization"},"image":{"@id":"https:\/\/activaprospect.cat\/es\/2019\/03\/12\/publicado-el-ultimo-informe-fegp-de-coyuntura-economica-del-2o-semestre-de-2018\/#primaryimage"},"thumbnailUrl":"https:\/\/activaprospect.cat\/wp-content\/uploads\/2019\/04\/2-sem-2019-v2.jpg","articleSection":["Desarrollo local"],"inLanguage":"es","potentialAction":[{"@type":"CommentAction","name":"Comment","target":["https:\/\/activaprospect.cat\/es\/2019\/03\/12\/publicado-el-ultimo-informe-fegp-de-coyuntura-economica-del-2o-semestre-de-2018\/#respond"]}]},{"@type":"WebPage","@id":"https:\/\/activaprospect.cat\/es\/2019\/03\/12\/publicado-el-ultimo-informe-fegp-de-coyuntura-economica-del-2o-semestre-de-2018\/","url":"https:\/\/activaprospect.cat\/es\/2019\/03\/12\/publicado-el-ultimo-informe-fegp-de-coyuntura-economica-del-2o-semestre-de-2018\/","name":"Publicado el \u00faltimo informe FEGP de Coyuntura Econ\u00f3mica del 2\u00ba semestre de 2018 - Act\u00edva Prospect","isPartOf":{"@id":"https:\/\/activaprospect.cat\/es\/#website"},"primaryImageOfPage":{"@id":"https:\/\/activaprospect.cat\/es\/2019\/03\/12\/publicado-el-ultimo-informe-fegp-de-coyuntura-economica-del-2o-semestre-de-2018\/#primaryimage"},"image":{"@id":"https:\/\/activaprospect.cat\/es\/2019\/03\/12\/publicado-el-ultimo-informe-fegp-de-coyuntura-economica-del-2o-semestre-de-2018\/#primaryimage"},"thumbnailUrl":"https:\/\/activaprospect.cat\/wp-content\/uploads\/2019\/04\/2-sem-2019-v2.jpg","datePublished":"2019-03-12T18:02:52+00:00","dateModified":"2019-04-04T18:04:22+00:00","description":"Noticias de Activa Prospect: Publicado el \u00faltimo informe FEGP de Coyuntura Econ\u00f3mica del 2\u00ba semestre de 2018.","breadcrumb":{"@id":"https:\/\/activaprospect.cat\/es\/2019\/03\/12\/publicado-el-ultimo-informe-fegp-de-coyuntura-economica-del-2o-semestre-de-2018\/#breadcrumb"},"inLanguage":"es","potentialAction":[{"@type":"ReadAction","target":["https:\/\/activaprospect.cat\/es\/2019\/03\/12\/publicado-el-ultimo-informe-fegp-de-coyuntura-economica-del-2o-semestre-de-2018\/"]}]},{"@type":"ImageObject","inLanguage":"es","@id":"https:\/\/activaprospect.cat\/es\/2019\/03\/12\/publicado-el-ultimo-informe-fegp-de-coyuntura-economica-del-2o-semestre-de-2018\/#primaryimage","url":"https:\/\/activaprospect.cat\/wp-content\/uploads\/2019\/04\/2-sem-2019-v2.jpg","contentUrl":"https:\/\/activaprospect.cat\/wp-content\/uploads\/2019\/04\/2-sem-2019-v2.jpg","width":1200,"height":900,"caption":"gestion de proyectos"},{"@type":"BreadcrumbList","@id":"https:\/\/activaprospect.cat\/es\/2019\/03\/12\/publicado-el-ultimo-informe-fegp-de-coyuntura-economica-del-2o-semestre-de-2018\/#breadcrumb","itemListElement":[{"@type":"ListItem","position":1,"name":"Inici","item":"https:\/\/activaprospect.cat\/es\/"},{"@type":"ListItem","position":2,"name":"Publicado el \u00faltimo informe FEGP de Coyuntura Econ\u00f3mica del 2\u00ba semestre de 2018"}]},{"@type":"WebSite","@id":"https:\/\/activaprospect.cat\/es\/#website","url":"https:\/\/activaprospect.cat\/es\/","name":"Act\u00edva Prospect","description":"Serveis de recerca, consultoria i assist&egrave;ncia t&egrave;cnica per la implementaci&oacute; de pol&iacute;tiques i projectes en l&#039;&agrave;mbit econ&ograve;mic i social","publisher":{"@id":"https:\/\/activaprospect.cat\/es\/#organization"},"potentialAction":[{"@type":"SearchAction","target":{"@type":"EntryPoint","urlTemplate":"https:\/\/activaprospect.cat\/es\/?s={search_term_string}"},"query-input":{"@type":"PropertyValueSpecification","valueRequired":true,"valueName":"search_term_string"}}],"inLanguage":"es"},{"@type":"Organization","@id":"https:\/\/activaprospect.cat\/es\/#organization","name":"ACT\u00cdVA PROSPECT Research & Solutions, S.L.","url":"https:\/\/activaprospect.cat\/es\/","logo":{"@type":"ImageObject","inLanguage":"es","@id":"https:\/\/activaprospect.cat\/es\/#\/schema\/logo\/image\/","url":"https:\/\/activaprospect.cat\/wp-content\/uploads\/2018\/01\/logo-activa.png","contentUrl":"https:\/\/activaprospect.cat\/wp-content\/uploads\/2018\/01\/logo-activa.png","width":365,"height":130,"caption":"ACT\u00cdVA PROSPECT Research & Solutions, S.L."},"image":{"@id":"https:\/\/activaprospect.cat\/es\/#\/schema\/logo\/image\/"},"sameAs":["https:\/\/x.com\/activaprospect","https:\/\/www.linkedin.com\/company\/activa-prospect"]},{"@type":"Person","@id":"https:\/\/activaprospect.cat\/es\/#\/schema\/person\/6d0b94bc026be54d389f6e2c8b29c734","name":"Activaprospect","image":{"@type":"ImageObject","inLanguage":"es","@id":"https:\/\/activaprospect.cat\/es\/#\/schema\/person\/image\/","url":"https:\/\/secure.gravatar.com\/avatar\/fcb321e95a052e2a22e9a6db968f9581b435a4e2c56d94a7b433b52695643a80?s=96&d=mm&r=g","contentUrl":"https:\/\/secure.gravatar.com\/avatar\/fcb321e95a052e2a22e9a6db968f9581b435a4e2c56d94a7b433b52695643a80?s=96&d=mm&r=g","caption":"Activaprospect"},"url":"https:\/\/activaprospect.cat\/es\/author\/activaprospect\/"}]}},"_links":{"self":[{"href":"https:\/\/activaprospect.cat\/es\/wp-json\/wp\/v2\/posts\/1360","targetHints":{"allow":["GET"]}}],"collection":[{"href":"https:\/\/activaprospect.cat\/es\/wp-json\/wp\/v2\/posts"}],"about":[{"href":"https:\/\/activaprospect.cat\/es\/wp-json\/wp\/v2\/types\/post"}],"author":[{"embeddable":true,"href":"https:\/\/activaprospect.cat\/es\/wp-json\/wp\/v2\/users\/2"}],"replies":[{"embeddable":true,"href":"https:\/\/activaprospect.cat\/es\/wp-json\/wp\/v2\/comments?post=1360"}],"version-history":[{"count":0,"href":"https:\/\/activaprospect.cat\/es\/wp-json\/wp\/v2\/posts\/1360\/revisions"}],"wp:featuredmedia":[{"embeddable":true,"href":"https:\/\/activaprospect.cat\/es\/wp-json\/wp\/v2\/media\/1344"}],"wp:attachment":[{"href":"https:\/\/activaprospect.cat\/es\/wp-json\/wp\/v2\/media?parent=1360"}],"wp:term":[{"taxonomy":"category","embeddable":true,"href":"https:\/\/activaprospect.cat\/es\/wp-json\/wp\/v2\/categories?post=1360"},{"taxonomy":"post_tag","embeddable":true,"href":"https:\/\/activaprospect.cat\/es\/wp-json\/wp\/v2\/tags?post=1360"},{"taxonomy":"serveis","embeddable":true,"href":"https:\/\/activaprospect.cat\/es\/wp-json\/wp\/v2\/serveis?post=1360"},{"taxonomy":"post_series","embeddable":true,"href":"https:\/\/activaprospect.cat\/es\/wp-json\/wp\/v2\/post_series?post=1360"}],"curies":[{"name":"wp","href":"https:\/\/api.w.org\/{rel}","templated":true}]}}