{"id":1369,"date":"2019-04-08T14:27:26","date_gmt":"2019-04-08T14:27:26","guid":{"rendered":"https:\/\/activaprospect.cat\/?p=1369"},"modified":"2019-04-08T14:27:27","modified_gmt":"2019-04-08T14:27:27","slug":"coopart-poctefa-juntos-hacer-mas-y-mejor-para-la-valorizacion-de-los-oficios-artisticos-y-del-turismo-sostenible","status":"publish","type":"post","link":"https:\/\/activaprospect.cat\/es\/2019\/04\/08\/coopart-poctefa-juntos-hacer-mas-y-mejor-para-la-valorizacion-de-los-oficios-artisticos-y-del-turismo-sostenible\/","title":{"rendered":"COOP&#8217;ART &#8211; POCTEFA: Juntos, hacer m\u00e1s y mejor para la valorizaci\u00f3n de los oficios art\u00edsticos y del turismo sostenible"},"content":{"rendered":"\n<p>\nEl 24 y el 25 de enero tuvo lugar en la Bisbal el primer workshop del proyecto COOP&#8217;ART (Interreg POCTEFA), que reuni\u00f3 a m\u00e1s de 40 participantes: t\u00e9cnicos y t\u00e9cnicas locales, expertos, electos y, por supuesto artesanos y artesanas.<\/p>\n\n\n\n<p>La primera jornada estuvo orientada a presentar un diagn\u00f3stico com\u00fan sobre el mercado actual del artesanado art\u00edstico en relaci\u00f3n al turismo sostenible, y valorar el potencial desarrollo en el territorio del proyecto. Sobre esta base, se inici\u00f3 a continuaci\u00f3n un trabajo de reflexi\u00f3n colectivo para construir, entre los socios catalanes y franceses, una estrategia conjunta de valorizaci\u00f3n de los oficios art\u00edsticos en el marco de un turismo sostenible.<\/p>\n\n\n\n<p>Las empresas presentes han contribuido largamente al \u00e9xito de este ejercicio compartiendo sus experiencias, y sus expectativas sobre este territorio transfronterizo. Adem\u00e1s, contaron con la ocasi\u00f3n de encontrarse e intercambiar en el marco de visitas a talleres de ceramistas catalanes y, posteriormente, en el Terracotta Museo de Cer\u00e1mica de la Bisbal.<\/p>\n\n\n\n<p>El proyecto COOP&#8217;ART es un proyecto transpirenaico que tiene por objetivo mejorar el potencial art\u00edstico y econ\u00f3mico de las empresas de artesan\u00eda art\u00edstica para desarrollar el patrimonio cultural y la atractividad tur\u00edstica del territorio.\n\n<\/p>\n","protected":false},"excerpt":{"rendered":"<p>El 24 y el 25 de enero tuvo lugar en la Bisbal el primer workshop del proyecto COOP&#8217;ART (Interreg POCTEFA), que reuni\u00f3 a m\u00e1s de 40 participantes: t\u00e9cnicos y t\u00e9cnicas locales, expertos, electos y, por supuesto artesanos y artesanas. La primera jornada estuvo orientada a presentar un diagn\u00f3stico com\u00fan sobre el mercado actual del artesanado&hellip;<\/p>\n","protected":false},"author":2,"featured_media":1329,"comment_status":"open","ping_status":"closed","sticky":false,"template":"","format":"standard","meta":{"footnotes":""},"categories":[146],"tags":[],"serveis":[263],"post_series":[],"class_list":["post-1369","post","type-post","status-publish","format-standard","has-post-thumbnail","hentry","category-proyectos-europeos","serveis-gestio-de-projectes-i-serveis-es","entry","has-media"],"yoast_head":"<!-- This site is optimized with the Yoast SEO plugin v26.8 - https:\/\/yoast.com\/product\/yoast-seo-wordpress\/ -->\n<title>COOP&#039;ART - POCTEFA: Juntos, hacer m\u00e1s y mejor para la valorizaci\u00f3n de los oficios art\u00edsticos y del turismo sostenible - Act\u00edva Prospect<\/title>\n<meta name=\"description\" content=\"Noticias de Activa Prospect: COOP&#039;ART - POCTEFA: Juntos, hacer m\u00e1s y mejor para la valorizaci\u00f3n de los oficios art\u00edsticos y del turismo sostenible.\" \/>\n<meta name=\"robots\" content=\"index, follow, max-snippet:-1, max-image-preview:large, max-video-preview:-1\" \/>\n<link rel=\"canonical\" href=\"https:\/\/activaprospect.cat\/es\/2019\/04\/08\/coopart-poctefa-juntos-hacer-mas-y-mejor-para-la-valorizacion-de-los-oficios-artisticos-y-del-turismo-sostenible\/\" \/>\n<meta property=\"og:locale\" content=\"es_ES\" \/>\n<meta property=\"og:type\" content=\"article\" \/>\n<meta property=\"og:title\" content=\"COOP&#039;ART - POCTEFA: Juntos, hacer m\u00e1s y mejor para la valorizaci\u00f3n de los oficios art\u00edsticos y del turismo sostenible - Act\u00edva Prospect\" \/>\n<meta property=\"og:description\" content=\"Noticias de Activa Prospect: COOP&#039;ART - POCTEFA: Juntos, hacer m\u00e1s y mejor para la valorizaci\u00f3n de los oficios art\u00edsticos y del turismo sostenible.\" \/>\n<meta property=\"og:url\" content=\"https:\/\/activaprospect.cat\/es\/2019\/04\/08\/coopart-poctefa-juntos-hacer-mas-y-mejor-para-la-valorizacion-de-los-oficios-artisticos-y-del-turismo-sostenible\/\" \/>\n<meta property=\"og:site_name\" content=\"Act\u00edva Prospect\" \/>\n<meta property=\"article:published_time\" content=\"2019-04-08T14:27:26+00:00\" \/>\n<meta property=\"article:modified_time\" content=\"2019-04-08T14:27:27+00:00\" \/>\n<meta property=\"og:image\" content=\"https:\/\/activaprospect.cat\/wp-content\/uploads\/2019\/02\/IMG-20190126-WA0003.jpg\" \/>\n\t<meta property=\"og:image:width\" content=\"1599\" \/>\n\t<meta property=\"og:image:height\" content=\"1067\" \/>\n\t<meta property=\"og:image:type\" content=\"image\/jpeg\" \/>\n<meta name=\"author\" content=\"Activaprospect\" \/>\n<meta name=\"twitter:card\" content=\"summary_large_image\" \/>\n<meta name=\"twitter:creator\" content=\"@activaprospect\" \/>\n<meta name=\"twitter:site\" content=\"@activaprospect\" \/>\n<meta name=\"twitter:label1\" content=\"Escrito por\" \/>\n\t<meta name=\"twitter:data1\" content=\"Activaprospect\" \/>\n\t<meta name=\"twitter:label2\" content=\"Tiempo de lectura\" \/>\n\t<meta name=\"twitter:data2\" content=\"1 minuto\" \/>\n<script type=\"application\/ld+json\" class=\"yoast-schema-graph\">{\"@context\":\"https:\/\/schema.org\",\"@graph\":[{\"@type\":\"Article\",\"@id\":\"https:\/\/activaprospect.cat\/es\/2019\/04\/08\/coopart-poctefa-juntos-hacer-mas-y-mejor-para-la-valorizacion-de-los-oficios-artisticos-y-del-turismo-sostenible\/#article\",\"isPartOf\":{\"@id\":\"https:\/\/activaprospect.cat\/es\/2019\/04\/08\/coopart-poctefa-juntos-hacer-mas-y-mejor-para-la-valorizacion-de-los-oficios-artisticos-y-del-turismo-sostenible\/\"},\"author\":{\"name\":\"Activaprospect\",\"@id\":\"https:\/\/activaprospect.cat\/es\/#\/schema\/person\/6d0b94bc026be54d389f6e2c8b29c734\"},\"headline\":\"COOP&#8217;ART &#8211; POCTEFA: Juntos, hacer m\u00e1s y mejor para la valorizaci\u00f3n de los oficios art\u00edsticos y del turismo sostenible\",\"datePublished\":\"2019-04-08T14:27:26+00:00\",\"dateModified\":\"2019-04-08T14:27:27+00:00\",\"mainEntityOfPage\":{\"@id\":\"https:\/\/activaprospect.cat\/es\/2019\/04\/08\/coopart-poctefa-juntos-hacer-mas-y-mejor-para-la-valorizacion-de-los-oficios-artisticos-y-del-turismo-sostenible\/\"},\"wordCount\":233,\"commentCount\":0,\"publisher\":{\"@id\":\"https:\/\/activaprospect.cat\/es\/#organization\"},\"image\":{\"@id\":\"https:\/\/activaprospect.cat\/es\/2019\/04\/08\/coopart-poctefa-juntos-hacer-mas-y-mejor-para-la-valorizacion-de-los-oficios-artisticos-y-del-turismo-sostenible\/#primaryimage\"},\"thumbnailUrl\":\"https:\/\/activaprospect.cat\/wp-content\/uploads\/2019\/02\/IMG-20190126-WA0003.jpg\",\"articleSection\":[\"Proyectos europeos\"],\"inLanguage\":\"es\",\"potentialAction\":[{\"@type\":\"CommentAction\",\"name\":\"Comment\",\"target\":[\"https:\/\/activaprospect.cat\/es\/2019\/04\/08\/coopart-poctefa-juntos-hacer-mas-y-mejor-para-la-valorizacion-de-los-oficios-artisticos-y-del-turismo-sostenible\/#respond\"]}]},{\"@type\":\"WebPage\",\"@id\":\"https:\/\/activaprospect.cat\/es\/2019\/04\/08\/coopart-poctefa-juntos-hacer-mas-y-mejor-para-la-valorizacion-de-los-oficios-artisticos-y-del-turismo-sostenible\/\",\"url\":\"https:\/\/activaprospect.cat\/es\/2019\/04\/08\/coopart-poctefa-juntos-hacer-mas-y-mejor-para-la-valorizacion-de-los-oficios-artisticos-y-del-turismo-sostenible\/\",\"name\":\"COOP'ART - POCTEFA: Juntos, hacer m\u00e1s y mejor para la valorizaci\u00f3n de los oficios art\u00edsticos y del turismo sostenible - Act\u00edva Prospect\",\"isPartOf\":{\"@id\":\"https:\/\/activaprospect.cat\/es\/#website\"},\"primaryImageOfPage\":{\"@id\":\"https:\/\/activaprospect.cat\/es\/2019\/04\/08\/coopart-poctefa-juntos-hacer-mas-y-mejor-para-la-valorizacion-de-los-oficios-artisticos-y-del-turismo-sostenible\/#primaryimage\"},\"image\":{\"@id\":\"https:\/\/activaprospect.cat\/es\/2019\/04\/08\/coopart-poctefa-juntos-hacer-mas-y-mejor-para-la-valorizacion-de-los-oficios-artisticos-y-del-turismo-sostenible\/#primaryimage\"},\"thumbnailUrl\":\"https:\/\/activaprospect.cat\/wp-content\/uploads\/2019\/02\/IMG-20190126-WA0003.jpg\",\"datePublished\":\"2019-04-08T14:27:26+00:00\",\"dateModified\":\"2019-04-08T14:27:27+00:00\",\"description\":\"Noticias de Activa Prospect: COOP'ART - POCTEFA: Juntos, hacer m\u00e1s y mejor para la valorizaci\u00f3n de los oficios art\u00edsticos y del turismo sostenible.\",\"breadcrumb\":{\"@id\":\"https:\/\/activaprospect.cat\/es\/2019\/04\/08\/coopart-poctefa-juntos-hacer-mas-y-mejor-para-la-valorizacion-de-los-oficios-artisticos-y-del-turismo-sostenible\/#breadcrumb\"},\"inLanguage\":\"es\",\"potentialAction\":[{\"@type\":\"ReadAction\",\"target\":[\"https:\/\/activaprospect.cat\/es\/2019\/04\/08\/coopart-poctefa-juntos-hacer-mas-y-mejor-para-la-valorizacion-de-los-oficios-artisticos-y-del-turismo-sostenible\/\"]}]},{\"@type\":\"ImageObject\",\"inLanguage\":\"es\",\"@id\":\"https:\/\/activaprospect.cat\/es\/2019\/04\/08\/coopart-poctefa-juntos-hacer-mas-y-mejor-para-la-valorizacion-de-los-oficios-artisticos-y-del-turismo-sostenible\/#primaryimage\",\"url\":\"https:\/\/activaprospect.cat\/wp-content\/uploads\/2019\/02\/IMG-20190126-WA0003.jpg\",\"contentUrl\":\"https:\/\/activaprospect.cat\/wp-content\/uploads\/2019\/02\/IMG-20190126-WA0003.jpg\",\"width\":1599,\"height\":1067,\"caption\":\"coop art\"},{\"@type\":\"BreadcrumbList\",\"@id\":\"https:\/\/activaprospect.cat\/es\/2019\/04\/08\/coopart-poctefa-juntos-hacer-mas-y-mejor-para-la-valorizacion-de-los-oficios-artisticos-y-del-turismo-sostenible\/#breadcrumb\",\"itemListElement\":[{\"@type\":\"ListItem\",\"position\":1,\"name\":\"Inici\",\"item\":\"https:\/\/activaprospect.cat\/es\/\"},{\"@type\":\"ListItem\",\"position\":2,\"name\":\"COOP&#8217;ART &#8211; POCTEFA: Juntos, hacer m\u00e1s y mejor para la valorizaci\u00f3n de los oficios art\u00edsticos y del turismo sostenible\"}]},{\"@type\":\"WebSite\",\"@id\":\"https:\/\/activaprospect.cat\/es\/#website\",\"url\":\"https:\/\/activaprospect.cat\/es\/\",\"name\":\"Act\u00edva Prospect\",\"description\":\"Serveis de recerca, consultoria i assist&egrave;ncia t&egrave;cnica per la implementaci&oacute; de pol&iacute;tiques i projectes en l&#039;&agrave;mbit econ&ograve;mic i social\",\"publisher\":{\"@id\":\"https:\/\/activaprospect.cat\/es\/#organization\"},\"potentialAction\":[{\"@type\":\"SearchAction\",\"target\":{\"@type\":\"EntryPoint\",\"urlTemplate\":\"https:\/\/activaprospect.cat\/es\/?s={search_term_string}\"},\"query-input\":{\"@type\":\"PropertyValueSpecification\",\"valueRequired\":true,\"valueName\":\"search_term_string\"}}],\"inLanguage\":\"es\"},{\"@type\":\"Organization\",\"@id\":\"https:\/\/activaprospect.cat\/es\/#organization\",\"name\":\"ACT\u00cdVA PROSPECT Research & Solutions, S.L.\",\"url\":\"https:\/\/activaprospect.cat\/es\/\",\"logo\":{\"@type\":\"ImageObject\",\"inLanguage\":\"es\",\"@id\":\"https:\/\/activaprospect.cat\/es\/#\/schema\/logo\/image\/\",\"url\":\"https:\/\/activaprospect.cat\/wp-content\/uploads\/2018\/01\/logo-activa.png\",\"contentUrl\":\"https:\/\/activaprospect.cat\/wp-content\/uploads\/2018\/01\/logo-activa.png\",\"width\":365,\"height\":130,\"caption\":\"ACT\u00cdVA PROSPECT Research & Solutions, S.L.\"},\"image\":{\"@id\":\"https:\/\/activaprospect.cat\/es\/#\/schema\/logo\/image\/\"},\"sameAs\":[\"https:\/\/x.com\/activaprospect\",\"https:\/\/www.linkedin.com\/company\/activa-prospect\"]},{\"@type\":\"Person\",\"@id\":\"https:\/\/activaprospect.cat\/es\/#\/schema\/person\/6d0b94bc026be54d389f6e2c8b29c734\",\"name\":\"Activaprospect\",\"image\":{\"@type\":\"ImageObject\",\"inLanguage\":\"es\",\"@id\":\"https:\/\/activaprospect.cat\/es\/#\/schema\/person\/image\/\",\"url\":\"https:\/\/secure.gravatar.com\/avatar\/fcb321e95a052e2a22e9a6db968f9581b435a4e2c56d94a7b433b52695643a80?s=96&d=mm&r=g\",\"contentUrl\":\"https:\/\/secure.gravatar.com\/avatar\/fcb321e95a052e2a22e9a6db968f9581b435a4e2c56d94a7b433b52695643a80?s=96&d=mm&r=g\",\"caption\":\"Activaprospect\"},\"url\":\"https:\/\/activaprospect.cat\/es\/author\/activaprospect\/\"}]}<\/script>\n<!-- \/ Yoast SEO plugin. -->","yoast_head_json":{"title":"COOP'ART - POCTEFA: Juntos, hacer m\u00e1s y mejor para la valorizaci\u00f3n de los oficios art\u00edsticos y del turismo sostenible - Act\u00edva Prospect","description":"Noticias de Activa Prospect: COOP'ART - POCTEFA: Juntos, hacer m\u00e1s y mejor para la valorizaci\u00f3n de los oficios art\u00edsticos y del turismo sostenible.","robots":{"index":"index","follow":"follow","max-snippet":"max-snippet:-1","max-image-preview":"max-image-preview:large","max-video-preview":"max-video-preview:-1"},"canonical":"https:\/\/activaprospect.cat\/es\/2019\/04\/08\/coopart-poctefa-juntos-hacer-mas-y-mejor-para-la-valorizacion-de-los-oficios-artisticos-y-del-turismo-sostenible\/","og_locale":"es_ES","og_type":"article","og_title":"COOP'ART - POCTEFA: Juntos, hacer m\u00e1s y mejor para la valorizaci\u00f3n de los oficios art\u00edsticos y del turismo sostenible - Act\u00edva Prospect","og_description":"Noticias de Activa Prospect: COOP'ART - POCTEFA: Juntos, hacer m\u00e1s y mejor para la valorizaci\u00f3n de los oficios art\u00edsticos y del turismo sostenible.","og_url":"https:\/\/activaprospect.cat\/es\/2019\/04\/08\/coopart-poctefa-juntos-hacer-mas-y-mejor-para-la-valorizacion-de-los-oficios-artisticos-y-del-turismo-sostenible\/","og_site_name":"Act\u00edva Prospect","article_published_time":"2019-04-08T14:27:26+00:00","article_modified_time":"2019-04-08T14:27:27+00:00","og_image":[{"width":1599,"height":1067,"url":"https:\/\/activaprospect.cat\/wp-content\/uploads\/2019\/02\/IMG-20190126-WA0003.jpg","type":"image\/jpeg"}],"author":"Activaprospect","twitter_card":"summary_large_image","twitter_creator":"@activaprospect","twitter_site":"@activaprospect","twitter_misc":{"Escrito por":"Activaprospect","Tiempo de lectura":"1 minuto"},"schema":{"@context":"https:\/\/schema.org","@graph":[{"@type":"Article","@id":"https:\/\/activaprospect.cat\/es\/2019\/04\/08\/coopart-poctefa-juntos-hacer-mas-y-mejor-para-la-valorizacion-de-los-oficios-artisticos-y-del-turismo-sostenible\/#article","isPartOf":{"@id":"https:\/\/activaprospect.cat\/es\/2019\/04\/08\/coopart-poctefa-juntos-hacer-mas-y-mejor-para-la-valorizacion-de-los-oficios-artisticos-y-del-turismo-sostenible\/"},"author":{"name":"Activaprospect","@id":"https:\/\/activaprospect.cat\/es\/#\/schema\/person\/6d0b94bc026be54d389f6e2c8b29c734"},"headline":"COOP&#8217;ART &#8211; POCTEFA: Juntos, hacer m\u00e1s y mejor para la valorizaci\u00f3n de los oficios art\u00edsticos y del turismo sostenible","datePublished":"2019-04-08T14:27:26+00:00","dateModified":"2019-04-08T14:27:27+00:00","mainEntityOfPage":{"@id":"https:\/\/activaprospect.cat\/es\/2019\/04\/08\/coopart-poctefa-juntos-hacer-mas-y-mejor-para-la-valorizacion-de-los-oficios-artisticos-y-del-turismo-sostenible\/"},"wordCount":233,"commentCount":0,"publisher":{"@id":"https:\/\/activaprospect.cat\/es\/#organization"},"image":{"@id":"https:\/\/activaprospect.cat\/es\/2019\/04\/08\/coopart-poctefa-juntos-hacer-mas-y-mejor-para-la-valorizacion-de-los-oficios-artisticos-y-del-turismo-sostenible\/#primaryimage"},"thumbnailUrl":"https:\/\/activaprospect.cat\/wp-content\/uploads\/2019\/02\/IMG-20190126-WA0003.jpg","articleSection":["Proyectos europeos"],"inLanguage":"es","potentialAction":[{"@type":"CommentAction","name":"Comment","target":["https:\/\/activaprospect.cat\/es\/2019\/04\/08\/coopart-poctefa-juntos-hacer-mas-y-mejor-para-la-valorizacion-de-los-oficios-artisticos-y-del-turismo-sostenible\/#respond"]}]},{"@type":"WebPage","@id":"https:\/\/activaprospect.cat\/es\/2019\/04\/08\/coopart-poctefa-juntos-hacer-mas-y-mejor-para-la-valorizacion-de-los-oficios-artisticos-y-del-turismo-sostenible\/","url":"https:\/\/activaprospect.cat\/es\/2019\/04\/08\/coopart-poctefa-juntos-hacer-mas-y-mejor-para-la-valorizacion-de-los-oficios-artisticos-y-del-turismo-sostenible\/","name":"COOP'ART - POCTEFA: Juntos, hacer m\u00e1s y mejor para la valorizaci\u00f3n de los oficios art\u00edsticos y del turismo sostenible - Act\u00edva Prospect","isPartOf":{"@id":"https:\/\/activaprospect.cat\/es\/#website"},"primaryImageOfPage":{"@id":"https:\/\/activaprospect.cat\/es\/2019\/04\/08\/coopart-poctefa-juntos-hacer-mas-y-mejor-para-la-valorizacion-de-los-oficios-artisticos-y-del-turismo-sostenible\/#primaryimage"},"image":{"@id":"https:\/\/activaprospect.cat\/es\/2019\/04\/08\/coopart-poctefa-juntos-hacer-mas-y-mejor-para-la-valorizacion-de-los-oficios-artisticos-y-del-turismo-sostenible\/#primaryimage"},"thumbnailUrl":"https:\/\/activaprospect.cat\/wp-content\/uploads\/2019\/02\/IMG-20190126-WA0003.jpg","datePublished":"2019-04-08T14:27:26+00:00","dateModified":"2019-04-08T14:27:27+00:00","description":"Noticias de Activa Prospect: COOP'ART - POCTEFA: Juntos, hacer m\u00e1s y mejor para la valorizaci\u00f3n de los oficios art\u00edsticos y del turismo sostenible.","breadcrumb":{"@id":"https:\/\/activaprospect.cat\/es\/2019\/04\/08\/coopart-poctefa-juntos-hacer-mas-y-mejor-para-la-valorizacion-de-los-oficios-artisticos-y-del-turismo-sostenible\/#breadcrumb"},"inLanguage":"es","potentialAction":[{"@type":"ReadAction","target":["https:\/\/activaprospect.cat\/es\/2019\/04\/08\/coopart-poctefa-juntos-hacer-mas-y-mejor-para-la-valorizacion-de-los-oficios-artisticos-y-del-turismo-sostenible\/"]}]},{"@type":"ImageObject","inLanguage":"es","@id":"https:\/\/activaprospect.cat\/es\/2019\/04\/08\/coopart-poctefa-juntos-hacer-mas-y-mejor-para-la-valorizacion-de-los-oficios-artisticos-y-del-turismo-sostenible\/#primaryimage","url":"https:\/\/activaprospect.cat\/wp-content\/uploads\/2019\/02\/IMG-20190126-WA0003.jpg","contentUrl":"https:\/\/activaprospect.cat\/wp-content\/uploads\/2019\/02\/IMG-20190126-WA0003.jpg","width":1599,"height":1067,"caption":"coop art"},{"@type":"BreadcrumbList","@id":"https:\/\/activaprospect.cat\/es\/2019\/04\/08\/coopart-poctefa-juntos-hacer-mas-y-mejor-para-la-valorizacion-de-los-oficios-artisticos-y-del-turismo-sostenible\/#breadcrumb","itemListElement":[{"@type":"ListItem","position":1,"name":"Inici","item":"https:\/\/activaprospect.cat\/es\/"},{"@type":"ListItem","position":2,"name":"COOP&#8217;ART &#8211; POCTEFA: Juntos, hacer m\u00e1s y mejor para la valorizaci\u00f3n de los oficios art\u00edsticos y del turismo sostenible"}]},{"@type":"WebSite","@id":"https:\/\/activaprospect.cat\/es\/#website","url":"https:\/\/activaprospect.cat\/es\/","name":"Act\u00edva Prospect","description":"Serveis de recerca, consultoria i assist&egrave;ncia t&egrave;cnica per la implementaci&oacute; de pol&iacute;tiques i projectes en l&#039;&agrave;mbit econ&ograve;mic i social","publisher":{"@id":"https:\/\/activaprospect.cat\/es\/#organization"},"potentialAction":[{"@type":"SearchAction","target":{"@type":"EntryPoint","urlTemplate":"https:\/\/activaprospect.cat\/es\/?s={search_term_string}"},"query-input":{"@type":"PropertyValueSpecification","valueRequired":true,"valueName":"search_term_string"}}],"inLanguage":"es"},{"@type":"Organization","@id":"https:\/\/activaprospect.cat\/es\/#organization","name":"ACT\u00cdVA PROSPECT Research & Solutions, S.L.","url":"https:\/\/activaprospect.cat\/es\/","logo":{"@type":"ImageObject","inLanguage":"es","@id":"https:\/\/activaprospect.cat\/es\/#\/schema\/logo\/image\/","url":"https:\/\/activaprospect.cat\/wp-content\/uploads\/2018\/01\/logo-activa.png","contentUrl":"https:\/\/activaprospect.cat\/wp-content\/uploads\/2018\/01\/logo-activa.png","width":365,"height":130,"caption":"ACT\u00cdVA PROSPECT Research & Solutions, S.L."},"image":{"@id":"https:\/\/activaprospect.cat\/es\/#\/schema\/logo\/image\/"},"sameAs":["https:\/\/x.com\/activaprospect","https:\/\/www.linkedin.com\/company\/activa-prospect"]},{"@type":"Person","@id":"https:\/\/activaprospect.cat\/es\/#\/schema\/person\/6d0b94bc026be54d389f6e2c8b29c734","name":"Activaprospect","image":{"@type":"ImageObject","inLanguage":"es","@id":"https:\/\/activaprospect.cat\/es\/#\/schema\/person\/image\/","url":"https:\/\/secure.gravatar.com\/avatar\/fcb321e95a052e2a22e9a6db968f9581b435a4e2c56d94a7b433b52695643a80?s=96&d=mm&r=g","contentUrl":"https:\/\/secure.gravatar.com\/avatar\/fcb321e95a052e2a22e9a6db968f9581b435a4e2c56d94a7b433b52695643a80?s=96&d=mm&r=g","caption":"Activaprospect"},"url":"https:\/\/activaprospect.cat\/es\/author\/activaprospect\/"}]}},"_links":{"self":[{"href":"https:\/\/activaprospect.cat\/es\/wp-json\/wp\/v2\/posts\/1369","targetHints":{"allow":["GET"]}}],"collection":[{"href":"https:\/\/activaprospect.cat\/es\/wp-json\/wp\/v2\/posts"}],"about":[{"href":"https:\/\/activaprospect.cat\/es\/wp-json\/wp\/v2\/types\/post"}],"author":[{"embeddable":true,"href":"https:\/\/activaprospect.cat\/es\/wp-json\/wp\/v2\/users\/2"}],"replies":[{"embeddable":true,"href":"https:\/\/activaprospect.cat\/es\/wp-json\/wp\/v2\/comments?post=1369"}],"version-history":[{"count":0,"href":"https:\/\/activaprospect.cat\/es\/wp-json\/wp\/v2\/posts\/1369\/revisions"}],"wp:featuredmedia":[{"embeddable":true,"href":"https:\/\/activaprospect.cat\/es\/wp-json\/wp\/v2\/media\/1329"}],"wp:attachment":[{"href":"https:\/\/activaprospect.cat\/es\/wp-json\/wp\/v2\/media?parent=1369"}],"wp:term":[{"taxonomy":"category","embeddable":true,"href":"https:\/\/activaprospect.cat\/es\/wp-json\/wp\/v2\/categories?post=1369"},{"taxonomy":"post_tag","embeddable":true,"href":"https:\/\/activaprospect.cat\/es\/wp-json\/wp\/v2\/tags?post=1369"},{"taxonomy":"serveis","embeddable":true,"href":"https:\/\/activaprospect.cat\/es\/wp-json\/wp\/v2\/serveis?post=1369"},{"taxonomy":"post_series","embeddable":true,"href":"https:\/\/activaprospect.cat\/es\/wp-json\/wp\/v2\/post_series?post=1369"}],"curies":[{"name":"wp","href":"https:\/\/api.w.org\/{rel}","templated":true}]}}