{"id":1377,"date":"2019-04-08T14:47:37","date_gmt":"2019-04-08T14:47:37","guid":{"rendered":"https:\/\/activaprospect.cat\/?p=1377"},"modified":"2019-04-08T14:47:39","modified_gmt":"2019-04-08T14:47:39","slug":"convocatoria-para-la-mejora-de-competitividad-territorial-diputacio-de-girona","status":"publish","type":"post","link":"https:\/\/activaprospect.cat\/es\/2019\/04\/08\/convocatoria-para-la-mejora-de-competitividad-territorial-diputacio-de-girona\/","title":{"rendered":"Convocatoria para la mejora de competitividad territorial (Diputaci\u00f3 de Girona)"},"content":{"rendered":"\n<p> La Diputaci\u00f3n de Girona ha abierto la convocatoria para entes p\u00fablicos adscritos en la demarcaci\u00f3n de Girona para acceder a asesoramiento t\u00e9cnico en materia de promoci\u00f3n econ\u00f3mica y\/o desarrollo local en los municipios que no disponen de personal t\u00e9cnico de promoci\u00f3n econ\u00f3mica y que no est\u00e1n adheridos a la Red de Servicios Locales de Promoci\u00f3n Econ\u00f3mica (XSLPE) de la Diputaci\u00f3n de Girona.<\/p>\n\n\n\n<p>Los \u00e1mbitos de intervenci\u00f3n del servicio son:<\/p>\n\n\n\n<ul class=\"wp-block-list\"><li>Asesoramiento en la definici\u00f3n de las l\u00edneas b\u00e1sicas de actuaci\u00f3n en materia de promoci\u00f3n econ\u00f3mica y desarrollo local.<\/li><li>Dinamizaci\u00f3n de la actividad comercial y de los mercados municipales.<\/li><li>Promoci\u00f3n del territorio a partir de los recursos naturales y culturales.<\/li><li>Apoyo para la creaci\u00f3n de espacios de cooperaci\u00f3n p\u00fablica en el \u00e1mbito de la promoci\u00f3n econ\u00f3mica del territorio.<\/li><li>Planteamiento web desde el punto de vista de la promoci\u00f3n del territorio.<\/li><li>Emprendimiento.<\/li><li>Bolsa de trabajo.<\/li><li>Asesoramiento y orientaci\u00f3n sobre l\u00edneas de apoyo tanto de la Diputaci\u00f3n como de otras entidades y organismos en relaci\u00f3n a la petici\u00f3n del ayuntamiento.<\/li><li>Informaci\u00f3n sobre buenas pr\u00e1cticas recogidas en actividades similares.<\/li><li>Otros temas de inter\u00e9s para el desarrollo local.<\/li><\/ul>\n\n\n\n<p><a href=\"http:\/\/ssl4.ddgi.cat\/bopV1\/pdf\/2018\/188\/201818808399.pdf?platform=hootsuite\">Aqu\u00ed las bases de la convocatoria <\/a><\/p>\n\n\n\n<p>M\u00e1s informaci\u00f3n llamando a Act\u00edva Prospect\n\n<\/p>\n","protected":false},"excerpt":{"rendered":"<p>La Diputaci\u00f3n de Girona ha abierto la convocatoria para entes p\u00fablicos adscritos en la demarcaci\u00f3n de Girona para acceder a asesoramiento t\u00e9cnico en materia de promoci\u00f3n econ\u00f3mica y\/o desarrollo local en los municipios que no disponen de personal t\u00e9cnico de promoci\u00f3n econ\u00f3mica y que no est\u00e1n adheridos a la Red de Servicios Locales de Promoci\u00f3n&hellip;<\/p>\n","protected":false},"author":2,"featured_media":1192,"comment_status":"open","ping_status":"closed","sticky":false,"template":"","format":"standard","meta":{"footnotes":""},"categories":[142],"tags":[],"serveis":[263],"post_series":[],"class_list":["post-1377","post","type-post","status-publish","format-standard","has-post-thumbnail","hentry","category-desarrollo-local","serveis-gestio-de-projectes-i-serveis-es","entry","has-media"],"yoast_head":"<!-- This site is optimized with the Yoast SEO plugin v26.8 - https:\/\/yoast.com\/product\/yoast-seo-wordpress\/ -->\n<title>Convocatoria para la mejora de competitividad territorial (Diputaci\u00f3 de Girona) - Act\u00edva Prospect<\/title>\n<meta name=\"description\" content=\"Noticias de Activa Prospect: Convocatoria para la mejora de competitividad territorial (Diputaci\u00f3 de Girona).\" \/>\n<meta name=\"robots\" content=\"index, follow, max-snippet:-1, max-image-preview:large, max-video-preview:-1\" \/>\n<link rel=\"canonical\" href=\"https:\/\/activaprospect.cat\/es\/2019\/04\/08\/convocatoria-para-la-mejora-de-competitividad-territorial-diputacio-de-girona\/\" \/>\n<meta property=\"og:locale\" content=\"es_ES\" \/>\n<meta property=\"og:type\" content=\"article\" \/>\n<meta property=\"og:title\" content=\"Convocatoria para la mejora de competitividad territorial (Diputaci\u00f3 de Girona) - Act\u00edva Prospect\" \/>\n<meta property=\"og:description\" content=\"Noticias de Activa Prospect: Convocatoria para la mejora de competitividad territorial (Diputaci\u00f3 de Girona).\" \/>\n<meta property=\"og:url\" content=\"https:\/\/activaprospect.cat\/es\/2019\/04\/08\/convocatoria-para-la-mejora-de-competitividad-territorial-diputacio-de-girona\/\" \/>\n<meta property=\"og:site_name\" content=\"Act\u00edva Prospect\" \/>\n<meta property=\"article:published_time\" content=\"2019-04-08T14:47:37+00:00\" \/>\n<meta property=\"article:modified_time\" content=\"2019-04-08T14:47:39+00:00\" \/>\n<meta property=\"og:image\" content=\"https:\/\/activaprospect.cat\/wp-content\/uploads\/2018\/10\/Slider_Pont_2.jpg\" \/>\n\t<meta property=\"og:image:width\" content=\"1980\" \/>\n\t<meta property=\"og:image:height\" content=\"400\" \/>\n\t<meta property=\"og:image:type\" content=\"image\/jpeg\" \/>\n<meta name=\"author\" content=\"Activaprospect\" \/>\n<meta name=\"twitter:card\" content=\"summary_large_image\" \/>\n<meta name=\"twitter:creator\" content=\"@activaprospect\" \/>\n<meta name=\"twitter:site\" content=\"@activaprospect\" \/>\n<meta name=\"twitter:label1\" content=\"Escrito por\" \/>\n\t<meta name=\"twitter:data1\" content=\"Activaprospect\" \/>\n\t<meta name=\"twitter:label2\" content=\"Tiempo de lectura\" \/>\n\t<meta name=\"twitter:data2\" content=\"1 minuto\" \/>\n<script type=\"application\/ld+json\" class=\"yoast-schema-graph\">{\"@context\":\"https:\/\/schema.org\",\"@graph\":[{\"@type\":\"Article\",\"@id\":\"https:\/\/activaprospect.cat\/es\/2019\/04\/08\/convocatoria-para-la-mejora-de-competitividad-territorial-diputacio-de-girona\/#article\",\"isPartOf\":{\"@id\":\"https:\/\/activaprospect.cat\/es\/2019\/04\/08\/convocatoria-para-la-mejora-de-competitividad-territorial-diputacio-de-girona\/\"},\"author\":{\"name\":\"Activaprospect\",\"@id\":\"https:\/\/activaprospect.cat\/es\/#\/schema\/person\/6d0b94bc026be54d389f6e2c8b29c734\"},\"headline\":\"Convocatoria para la mejora de competitividad territorial (Diputaci\u00f3 de Girona)\",\"datePublished\":\"2019-04-08T14:47:37+00:00\",\"dateModified\":\"2019-04-08T14:47:39+00:00\",\"mainEntityOfPage\":{\"@id\":\"https:\/\/activaprospect.cat\/es\/2019\/04\/08\/convocatoria-para-la-mejora-de-competitividad-territorial-diputacio-de-girona\/\"},\"wordCount\":244,\"commentCount\":0,\"publisher\":{\"@id\":\"https:\/\/activaprospect.cat\/es\/#organization\"},\"image\":{\"@id\":\"https:\/\/activaprospect.cat\/es\/2019\/04\/08\/convocatoria-para-la-mejora-de-competitividad-territorial-diputacio-de-girona\/#primaryimage\"},\"thumbnailUrl\":\"https:\/\/activaprospect.cat\/wp-content\/uploads\/2018\/10\/Slider_Pont_2.jpg\",\"articleSection\":[\"Desarrollo local\"],\"inLanguage\":\"es\",\"potentialAction\":[{\"@type\":\"CommentAction\",\"name\":\"Comment\",\"target\":[\"https:\/\/activaprospect.cat\/es\/2019\/04\/08\/convocatoria-para-la-mejora-de-competitividad-territorial-diputacio-de-girona\/#respond\"]}]},{\"@type\":\"WebPage\",\"@id\":\"https:\/\/activaprospect.cat\/es\/2019\/04\/08\/convocatoria-para-la-mejora-de-competitividad-territorial-diputacio-de-girona\/\",\"url\":\"https:\/\/activaprospect.cat\/es\/2019\/04\/08\/convocatoria-para-la-mejora-de-competitividad-territorial-diputacio-de-girona\/\",\"name\":\"Convocatoria para la mejora de competitividad territorial (Diputaci\u00f3 de Girona) - Act\u00edva Prospect\",\"isPartOf\":{\"@id\":\"https:\/\/activaprospect.cat\/es\/#website\"},\"primaryImageOfPage\":{\"@id\":\"https:\/\/activaprospect.cat\/es\/2019\/04\/08\/convocatoria-para-la-mejora-de-competitividad-territorial-diputacio-de-girona\/#primaryimage\"},\"image\":{\"@id\":\"https:\/\/activaprospect.cat\/es\/2019\/04\/08\/convocatoria-para-la-mejora-de-competitividad-territorial-diputacio-de-girona\/#primaryimage\"},\"thumbnailUrl\":\"https:\/\/activaprospect.cat\/wp-content\/uploads\/2018\/10\/Slider_Pont_2.jpg\",\"datePublished\":\"2019-04-08T14:47:37+00:00\",\"dateModified\":\"2019-04-08T14:47:39+00:00\",\"description\":\"Noticias de Activa Prospect: Convocatoria para la mejora de competitividad territorial (Diputaci\u00f3 de Girona).\",\"breadcrumb\":{\"@id\":\"https:\/\/activaprospect.cat\/es\/2019\/04\/08\/convocatoria-para-la-mejora-de-competitividad-territorial-diputacio-de-girona\/#breadcrumb\"},\"inLanguage\":\"es\",\"potentialAction\":[{\"@type\":\"ReadAction\",\"target\":[\"https:\/\/activaprospect.cat\/es\/2019\/04\/08\/convocatoria-para-la-mejora-de-competitividad-territorial-diputacio-de-girona\/\"]}]},{\"@type\":\"ImageObject\",\"inLanguage\":\"es\",\"@id\":\"https:\/\/activaprospect.cat\/es\/2019\/04\/08\/convocatoria-para-la-mejora-de-competitividad-territorial-diputacio-de-girona\/#primaryimage\",\"url\":\"https:\/\/activaprospect.cat\/wp-content\/uploads\/2018\/10\/Slider_Pont_2.jpg\",\"contentUrl\":\"https:\/\/activaprospect.cat\/wp-content\/uploads\/2018\/10\/Slider_Pont_2.jpg\",\"width\":1980,\"height\":400,\"caption\":\"gestion de proyectos\"},{\"@type\":\"BreadcrumbList\",\"@id\":\"https:\/\/activaprospect.cat\/es\/2019\/04\/08\/convocatoria-para-la-mejora-de-competitividad-territorial-diputacio-de-girona\/#breadcrumb\",\"itemListElement\":[{\"@type\":\"ListItem\",\"position\":1,\"name\":\"Inici\",\"item\":\"https:\/\/activaprospect.cat\/es\/\"},{\"@type\":\"ListItem\",\"position\":2,\"name\":\"Convocatoria para la mejora de competitividad territorial (Diputaci\u00f3 de Girona)\"}]},{\"@type\":\"WebSite\",\"@id\":\"https:\/\/activaprospect.cat\/es\/#website\",\"url\":\"https:\/\/activaprospect.cat\/es\/\",\"name\":\"Act\u00edva Prospect\",\"description\":\"Serveis de recerca, consultoria i assist&egrave;ncia t&egrave;cnica per la implementaci&oacute; de pol&iacute;tiques i projectes en l&#039;&agrave;mbit econ&ograve;mic i social\",\"publisher\":{\"@id\":\"https:\/\/activaprospect.cat\/es\/#organization\"},\"potentialAction\":[{\"@type\":\"SearchAction\",\"target\":{\"@type\":\"EntryPoint\",\"urlTemplate\":\"https:\/\/activaprospect.cat\/es\/?s={search_term_string}\"},\"query-input\":{\"@type\":\"PropertyValueSpecification\",\"valueRequired\":true,\"valueName\":\"search_term_string\"}}],\"inLanguage\":\"es\"},{\"@type\":\"Organization\",\"@id\":\"https:\/\/activaprospect.cat\/es\/#organization\",\"name\":\"ACT\u00cdVA PROSPECT Research & Solutions, S.L.\",\"url\":\"https:\/\/activaprospect.cat\/es\/\",\"logo\":{\"@type\":\"ImageObject\",\"inLanguage\":\"es\",\"@id\":\"https:\/\/activaprospect.cat\/es\/#\/schema\/logo\/image\/\",\"url\":\"https:\/\/activaprospect.cat\/wp-content\/uploads\/2018\/01\/logo-activa.png\",\"contentUrl\":\"https:\/\/activaprospect.cat\/wp-content\/uploads\/2018\/01\/logo-activa.png\",\"width\":365,\"height\":130,\"caption\":\"ACT\u00cdVA PROSPECT Research & Solutions, S.L.\"},\"image\":{\"@id\":\"https:\/\/activaprospect.cat\/es\/#\/schema\/logo\/image\/\"},\"sameAs\":[\"https:\/\/x.com\/activaprospect\",\"https:\/\/www.linkedin.com\/company\/activa-prospect\"]},{\"@type\":\"Person\",\"@id\":\"https:\/\/activaprospect.cat\/es\/#\/schema\/person\/6d0b94bc026be54d389f6e2c8b29c734\",\"name\":\"Activaprospect\",\"image\":{\"@type\":\"ImageObject\",\"inLanguage\":\"es\",\"@id\":\"https:\/\/activaprospect.cat\/es\/#\/schema\/person\/image\/\",\"url\":\"https:\/\/secure.gravatar.com\/avatar\/fcb321e95a052e2a22e9a6db968f9581b435a4e2c56d94a7b433b52695643a80?s=96&d=mm&r=g\",\"contentUrl\":\"https:\/\/secure.gravatar.com\/avatar\/fcb321e95a052e2a22e9a6db968f9581b435a4e2c56d94a7b433b52695643a80?s=96&d=mm&r=g\",\"caption\":\"Activaprospect\"},\"url\":\"https:\/\/activaprospect.cat\/es\/author\/activaprospect\/\"}]}<\/script>\n<!-- \/ Yoast SEO plugin. -->","yoast_head_json":{"title":"Convocatoria para la mejora de competitividad territorial (Diputaci\u00f3 de Girona) - Act\u00edva Prospect","description":"Noticias de Activa Prospect: Convocatoria para la mejora de competitividad territorial (Diputaci\u00f3 de Girona).","robots":{"index":"index","follow":"follow","max-snippet":"max-snippet:-1","max-image-preview":"max-image-preview:large","max-video-preview":"max-video-preview:-1"},"canonical":"https:\/\/activaprospect.cat\/es\/2019\/04\/08\/convocatoria-para-la-mejora-de-competitividad-territorial-diputacio-de-girona\/","og_locale":"es_ES","og_type":"article","og_title":"Convocatoria para la mejora de competitividad territorial (Diputaci\u00f3 de Girona) - Act\u00edva Prospect","og_description":"Noticias de Activa Prospect: Convocatoria para la mejora de competitividad territorial (Diputaci\u00f3 de Girona).","og_url":"https:\/\/activaprospect.cat\/es\/2019\/04\/08\/convocatoria-para-la-mejora-de-competitividad-territorial-diputacio-de-girona\/","og_site_name":"Act\u00edva Prospect","article_published_time":"2019-04-08T14:47:37+00:00","article_modified_time":"2019-04-08T14:47:39+00:00","og_image":[{"width":1980,"height":400,"url":"https:\/\/activaprospect.cat\/wp-content\/uploads\/2018\/10\/Slider_Pont_2.jpg","type":"image\/jpeg"}],"author":"Activaprospect","twitter_card":"summary_large_image","twitter_creator":"@activaprospect","twitter_site":"@activaprospect","twitter_misc":{"Escrito por":"Activaprospect","Tiempo de lectura":"1 minuto"},"schema":{"@context":"https:\/\/schema.org","@graph":[{"@type":"Article","@id":"https:\/\/activaprospect.cat\/es\/2019\/04\/08\/convocatoria-para-la-mejora-de-competitividad-territorial-diputacio-de-girona\/#article","isPartOf":{"@id":"https:\/\/activaprospect.cat\/es\/2019\/04\/08\/convocatoria-para-la-mejora-de-competitividad-territorial-diputacio-de-girona\/"},"author":{"name":"Activaprospect","@id":"https:\/\/activaprospect.cat\/es\/#\/schema\/person\/6d0b94bc026be54d389f6e2c8b29c734"},"headline":"Convocatoria para la mejora de competitividad territorial (Diputaci\u00f3 de Girona)","datePublished":"2019-04-08T14:47:37+00:00","dateModified":"2019-04-08T14:47:39+00:00","mainEntityOfPage":{"@id":"https:\/\/activaprospect.cat\/es\/2019\/04\/08\/convocatoria-para-la-mejora-de-competitividad-territorial-diputacio-de-girona\/"},"wordCount":244,"commentCount":0,"publisher":{"@id":"https:\/\/activaprospect.cat\/es\/#organization"},"image":{"@id":"https:\/\/activaprospect.cat\/es\/2019\/04\/08\/convocatoria-para-la-mejora-de-competitividad-territorial-diputacio-de-girona\/#primaryimage"},"thumbnailUrl":"https:\/\/activaprospect.cat\/wp-content\/uploads\/2018\/10\/Slider_Pont_2.jpg","articleSection":["Desarrollo local"],"inLanguage":"es","potentialAction":[{"@type":"CommentAction","name":"Comment","target":["https:\/\/activaprospect.cat\/es\/2019\/04\/08\/convocatoria-para-la-mejora-de-competitividad-territorial-diputacio-de-girona\/#respond"]}]},{"@type":"WebPage","@id":"https:\/\/activaprospect.cat\/es\/2019\/04\/08\/convocatoria-para-la-mejora-de-competitividad-territorial-diputacio-de-girona\/","url":"https:\/\/activaprospect.cat\/es\/2019\/04\/08\/convocatoria-para-la-mejora-de-competitividad-territorial-diputacio-de-girona\/","name":"Convocatoria para la mejora de competitividad territorial (Diputaci\u00f3 de Girona) - Act\u00edva Prospect","isPartOf":{"@id":"https:\/\/activaprospect.cat\/es\/#website"},"primaryImageOfPage":{"@id":"https:\/\/activaprospect.cat\/es\/2019\/04\/08\/convocatoria-para-la-mejora-de-competitividad-territorial-diputacio-de-girona\/#primaryimage"},"image":{"@id":"https:\/\/activaprospect.cat\/es\/2019\/04\/08\/convocatoria-para-la-mejora-de-competitividad-territorial-diputacio-de-girona\/#primaryimage"},"thumbnailUrl":"https:\/\/activaprospect.cat\/wp-content\/uploads\/2018\/10\/Slider_Pont_2.jpg","datePublished":"2019-04-08T14:47:37+00:00","dateModified":"2019-04-08T14:47:39+00:00","description":"Noticias de Activa Prospect: Convocatoria para la mejora de competitividad territorial (Diputaci\u00f3 de Girona).","breadcrumb":{"@id":"https:\/\/activaprospect.cat\/es\/2019\/04\/08\/convocatoria-para-la-mejora-de-competitividad-territorial-diputacio-de-girona\/#breadcrumb"},"inLanguage":"es","potentialAction":[{"@type":"ReadAction","target":["https:\/\/activaprospect.cat\/es\/2019\/04\/08\/convocatoria-para-la-mejora-de-competitividad-territorial-diputacio-de-girona\/"]}]},{"@type":"ImageObject","inLanguage":"es","@id":"https:\/\/activaprospect.cat\/es\/2019\/04\/08\/convocatoria-para-la-mejora-de-competitividad-territorial-diputacio-de-girona\/#primaryimage","url":"https:\/\/activaprospect.cat\/wp-content\/uploads\/2018\/10\/Slider_Pont_2.jpg","contentUrl":"https:\/\/activaprospect.cat\/wp-content\/uploads\/2018\/10\/Slider_Pont_2.jpg","width":1980,"height":400,"caption":"gestion de proyectos"},{"@type":"BreadcrumbList","@id":"https:\/\/activaprospect.cat\/es\/2019\/04\/08\/convocatoria-para-la-mejora-de-competitividad-territorial-diputacio-de-girona\/#breadcrumb","itemListElement":[{"@type":"ListItem","position":1,"name":"Inici","item":"https:\/\/activaprospect.cat\/es\/"},{"@type":"ListItem","position":2,"name":"Convocatoria para la mejora de competitividad territorial (Diputaci\u00f3 de Girona)"}]},{"@type":"WebSite","@id":"https:\/\/activaprospect.cat\/es\/#website","url":"https:\/\/activaprospect.cat\/es\/","name":"Act\u00edva Prospect","description":"Serveis de recerca, consultoria i assist&egrave;ncia t&egrave;cnica per la implementaci&oacute; de pol&iacute;tiques i projectes en l&#039;&agrave;mbit econ&ograve;mic i social","publisher":{"@id":"https:\/\/activaprospect.cat\/es\/#organization"},"potentialAction":[{"@type":"SearchAction","target":{"@type":"EntryPoint","urlTemplate":"https:\/\/activaprospect.cat\/es\/?s={search_term_string}"},"query-input":{"@type":"PropertyValueSpecification","valueRequired":true,"valueName":"search_term_string"}}],"inLanguage":"es"},{"@type":"Organization","@id":"https:\/\/activaprospect.cat\/es\/#organization","name":"ACT\u00cdVA PROSPECT Research & Solutions, S.L.","url":"https:\/\/activaprospect.cat\/es\/","logo":{"@type":"ImageObject","inLanguage":"es","@id":"https:\/\/activaprospect.cat\/es\/#\/schema\/logo\/image\/","url":"https:\/\/activaprospect.cat\/wp-content\/uploads\/2018\/01\/logo-activa.png","contentUrl":"https:\/\/activaprospect.cat\/wp-content\/uploads\/2018\/01\/logo-activa.png","width":365,"height":130,"caption":"ACT\u00cdVA PROSPECT Research & Solutions, S.L."},"image":{"@id":"https:\/\/activaprospect.cat\/es\/#\/schema\/logo\/image\/"},"sameAs":["https:\/\/x.com\/activaprospect","https:\/\/www.linkedin.com\/company\/activa-prospect"]},{"@type":"Person","@id":"https:\/\/activaprospect.cat\/es\/#\/schema\/person\/6d0b94bc026be54d389f6e2c8b29c734","name":"Activaprospect","image":{"@type":"ImageObject","inLanguage":"es","@id":"https:\/\/activaprospect.cat\/es\/#\/schema\/person\/image\/","url":"https:\/\/secure.gravatar.com\/avatar\/fcb321e95a052e2a22e9a6db968f9581b435a4e2c56d94a7b433b52695643a80?s=96&d=mm&r=g","contentUrl":"https:\/\/secure.gravatar.com\/avatar\/fcb321e95a052e2a22e9a6db968f9581b435a4e2c56d94a7b433b52695643a80?s=96&d=mm&r=g","caption":"Activaprospect"},"url":"https:\/\/activaprospect.cat\/es\/author\/activaprospect\/"}]}},"_links":{"self":[{"href":"https:\/\/activaprospect.cat\/es\/wp-json\/wp\/v2\/posts\/1377","targetHints":{"allow":["GET"]}}],"collection":[{"href":"https:\/\/activaprospect.cat\/es\/wp-json\/wp\/v2\/posts"}],"about":[{"href":"https:\/\/activaprospect.cat\/es\/wp-json\/wp\/v2\/types\/post"}],"author":[{"embeddable":true,"href":"https:\/\/activaprospect.cat\/es\/wp-json\/wp\/v2\/users\/2"}],"replies":[{"embeddable":true,"href":"https:\/\/activaprospect.cat\/es\/wp-json\/wp\/v2\/comments?post=1377"}],"version-history":[{"count":0,"href":"https:\/\/activaprospect.cat\/es\/wp-json\/wp\/v2\/posts\/1377\/revisions"}],"wp:featuredmedia":[{"embeddable":true,"href":"https:\/\/activaprospect.cat\/es\/wp-json\/wp\/v2\/media\/1192"}],"wp:attachment":[{"href":"https:\/\/activaprospect.cat\/es\/wp-json\/wp\/v2\/media?parent=1377"}],"wp:term":[{"taxonomy":"category","embeddable":true,"href":"https:\/\/activaprospect.cat\/es\/wp-json\/wp\/v2\/categories?post=1377"},{"taxonomy":"post_tag","embeddable":true,"href":"https:\/\/activaprospect.cat\/es\/wp-json\/wp\/v2\/tags?post=1377"},{"taxonomy":"serveis","embeddable":true,"href":"https:\/\/activaprospect.cat\/es\/wp-json\/wp\/v2\/serveis?post=1377"},{"taxonomy":"post_series","embeddable":true,"href":"https:\/\/activaprospect.cat\/es\/wp-json\/wp\/v2\/post_series?post=1377"}],"curies":[{"name":"wp","href":"https:\/\/api.w.org\/{rel}","templated":true}]}}