{"id":1384,"date":"2019-04-08T14:58:09","date_gmt":"2019-04-08T14:58:09","guid":{"rendered":"https:\/\/activaprospect.cat\/?p=1384"},"modified":"2019-04-08T14:58:10","modified_gmt":"2019-04-08T14:58:10","slug":"arranca-el-diseno-del-plan-estrategico-de-desarrollo-economico-local-y-del-empleo-del-valles-oriental","status":"publish","type":"post","link":"https:\/\/activaprospect.cat\/es\/2019\/04\/08\/arranca-el-diseno-del-plan-estrategico-de-desarrollo-economico-local-y-del-empleo-del-valles-oriental\/","title":{"rendered":"Arranca el dise\u00f1o del Plan Estrat\u00e9gico de Desarrollo Econ\u00f3mico Local y del Empleo del Vall\u00e8s Oriental"},"content":{"rendered":"\n<p>El 2018 comienza con la organizaci\u00f3n de 5 mesas tem\u00e1ticas para elaborar el diagn\u00f3stico para el futuro Plan Estrat\u00e9gico del Vall\u00e8s Oriental en materia de desarrollo econ\u00f3mico y de empleo. En esta fase, implicamos a cincuenta agentes clave del territorio relacionados con las tem\u00e1ticas para recoger el estado de la cuesti\u00f3n actual y dise\u00f1ar acciones futuras.<br>El diagn\u00f3stico est\u00e1 previsto tenerlo antes de verano.<br>Este es un encargo del Consell Comarcal del Vall\u00e8s Oriental. <\/p>\n","protected":false},"excerpt":{"rendered":"<p>El 2018 comienza con la organizaci\u00f3n de 5 mesas tem\u00e1ticas para elaborar el diagn\u00f3stico para el futuro Plan Estrat\u00e9gico del Vall\u00e8s Oriental en materia de desarrollo econ\u00f3mico y de empleo. En esta fase, implicamos a cincuenta agentes clave del territorio relacionados con las tem\u00e1ticas para recoger el estado de la cuesti\u00f3n actual y dise\u00f1ar acciones&hellip;<\/p>\n","protected":false},"author":2,"featured_media":521,"comment_status":"open","ping_status":"closed","sticky":false,"template":"","format":"standard","meta":{"footnotes":""},"categories":[142],"tags":[],"serveis":[52,51],"post_series":[],"class_list":["post-1384","post","type-post","status-publish","format-standard","has-post-thumbnail","hentry","category-desarrollo-local","serveis-diagnostico","serveis-evaluacion-y-seguimiento","entry","has-media"],"yoast_head":"<!-- This site is optimized with the Yoast SEO plugin v26.8 - https:\/\/yoast.com\/product\/yoast-seo-wordpress\/ -->\n<title>Arranca el dise\u00f1o del Plan Estrat\u00e9gico de Desarrollo Econ\u00f3mico Local y del Empleo del Vall\u00e8s Oriental - Act\u00edva Prospect<\/title>\n<meta name=\"description\" content=\"Noticias de Activa Prospect: Arranca el dise\u00f1o del Plan Estrat\u00e9gico de Desarrollo Econ\u00f3mico Local y del Empleo del Vall\u00e8s Oriental.\" \/>\n<meta name=\"robots\" content=\"index, follow, max-snippet:-1, max-image-preview:large, max-video-preview:-1\" \/>\n<link rel=\"canonical\" href=\"https:\/\/activaprospect.cat\/es\/2019\/04\/08\/arranca-el-diseno-del-plan-estrategico-de-desarrollo-economico-local-y-del-empleo-del-valles-oriental\/\" \/>\n<meta property=\"og:locale\" content=\"es_ES\" \/>\n<meta property=\"og:type\" content=\"article\" \/>\n<meta property=\"og:title\" content=\"Arranca el dise\u00f1o del Plan Estrat\u00e9gico de Desarrollo Econ\u00f3mico Local y del Empleo del Vall\u00e8s Oriental - Act\u00edva Prospect\" \/>\n<meta property=\"og:description\" content=\"Noticias de Activa Prospect: Arranca el dise\u00f1o del Plan Estrat\u00e9gico de Desarrollo Econ\u00f3mico Local y del Empleo del Vall\u00e8s Oriental.\" \/>\n<meta property=\"og:url\" content=\"https:\/\/activaprospect.cat\/es\/2019\/04\/08\/arranca-el-diseno-del-plan-estrategico-de-desarrollo-economico-local-y-del-empleo-del-valles-oriental\/\" \/>\n<meta property=\"og:site_name\" content=\"Act\u00edva Prospect\" \/>\n<meta property=\"article:published_time\" content=\"2019-04-08T14:58:09+00:00\" \/>\n<meta property=\"article:modified_time\" content=\"2019-04-08T14:58:10+00:00\" \/>\n<meta property=\"og:image\" content=\"https:\/\/activaprospect.cat\/wp-content\/uploads\/2018\/02\/pla-estrategic-desenvolupament.jpg\" \/>\n\t<meta property=\"og:image:width\" content=\"1200\" \/>\n\t<meta property=\"og:image:height\" content=\"902\" \/>\n\t<meta property=\"og:image:type\" content=\"image\/jpeg\" \/>\n<meta name=\"author\" content=\"Activaprospect\" \/>\n<meta name=\"twitter:card\" content=\"summary_large_image\" \/>\n<meta name=\"twitter:creator\" content=\"@activaprospect\" \/>\n<meta name=\"twitter:site\" content=\"@activaprospect\" \/>\n<meta name=\"twitter:label1\" content=\"Escrito por\" \/>\n\t<meta name=\"twitter:data1\" content=\"Activaprospect\" \/>\n<script type=\"application\/ld+json\" class=\"yoast-schema-graph\">{\"@context\":\"https:\/\/schema.org\",\"@graph\":[{\"@type\":\"Article\",\"@id\":\"https:\/\/activaprospect.cat\/es\/2019\/04\/08\/arranca-el-diseno-del-plan-estrategico-de-desarrollo-economico-local-y-del-empleo-del-valles-oriental\/#article\",\"isPartOf\":{\"@id\":\"https:\/\/activaprospect.cat\/es\/2019\/04\/08\/arranca-el-diseno-del-plan-estrategico-de-desarrollo-economico-local-y-del-empleo-del-valles-oriental\/\"},\"author\":{\"name\":\"Activaprospect\",\"@id\":\"https:\/\/activaprospect.cat\/es\/#\/schema\/person\/6d0b94bc026be54d389f6e2c8b29c734\"},\"headline\":\"Arranca el dise\u00f1o del Plan Estrat\u00e9gico de Desarrollo Econ\u00f3mico Local y del Empleo del Vall\u00e8s Oriental\",\"datePublished\":\"2019-04-08T14:58:09+00:00\",\"dateModified\":\"2019-04-08T14:58:10+00:00\",\"mainEntityOfPage\":{\"@id\":\"https:\/\/activaprospect.cat\/es\/2019\/04\/08\/arranca-el-diseno-del-plan-estrategico-de-desarrollo-economico-local-y-del-empleo-del-valles-oriental\/\"},\"wordCount\":103,\"commentCount\":0,\"publisher\":{\"@id\":\"https:\/\/activaprospect.cat\/es\/#organization\"},\"image\":{\"@id\":\"https:\/\/activaprospect.cat\/es\/2019\/04\/08\/arranca-el-diseno-del-plan-estrategico-de-desarrollo-economico-local-y-del-empleo-del-valles-oriental\/#primaryimage\"},\"thumbnailUrl\":\"https:\/\/activaprospect.cat\/wp-content\/uploads\/2018\/02\/pla-estrategic-desenvolupament.jpg\",\"articleSection\":[\"Desarrollo local\"],\"inLanguage\":\"es\",\"potentialAction\":[{\"@type\":\"CommentAction\",\"name\":\"Comment\",\"target\":[\"https:\/\/activaprospect.cat\/es\/2019\/04\/08\/arranca-el-diseno-del-plan-estrategico-de-desarrollo-economico-local-y-del-empleo-del-valles-oriental\/#respond\"]}]},{\"@type\":\"WebPage\",\"@id\":\"https:\/\/activaprospect.cat\/es\/2019\/04\/08\/arranca-el-diseno-del-plan-estrategico-de-desarrollo-economico-local-y-del-empleo-del-valles-oriental\/\",\"url\":\"https:\/\/activaprospect.cat\/es\/2019\/04\/08\/arranca-el-diseno-del-plan-estrategico-de-desarrollo-economico-local-y-del-empleo-del-valles-oriental\/\",\"name\":\"Arranca el dise\u00f1o del Plan Estrat\u00e9gico de Desarrollo Econ\u00f3mico Local y del Empleo del Vall\u00e8s Oriental - Act\u00edva Prospect\",\"isPartOf\":{\"@id\":\"https:\/\/activaprospect.cat\/es\/#website\"},\"primaryImageOfPage\":{\"@id\":\"https:\/\/activaprospect.cat\/es\/2019\/04\/08\/arranca-el-diseno-del-plan-estrategico-de-desarrollo-economico-local-y-del-empleo-del-valles-oriental\/#primaryimage\"},\"image\":{\"@id\":\"https:\/\/activaprospect.cat\/es\/2019\/04\/08\/arranca-el-diseno-del-plan-estrategico-de-desarrollo-economico-local-y-del-empleo-del-valles-oriental\/#primaryimage\"},\"thumbnailUrl\":\"https:\/\/activaprospect.cat\/wp-content\/uploads\/2018\/02\/pla-estrategic-desenvolupament.jpg\",\"datePublished\":\"2019-04-08T14:58:09+00:00\",\"dateModified\":\"2019-04-08T14:58:10+00:00\",\"description\":\"Noticias de Activa Prospect: Arranca el dise\u00f1o del Plan Estrat\u00e9gico de Desarrollo Econ\u00f3mico Local y del Empleo del Vall\u00e8s Oriental.\",\"breadcrumb\":{\"@id\":\"https:\/\/activaprospect.cat\/es\/2019\/04\/08\/arranca-el-diseno-del-plan-estrategico-de-desarrollo-economico-local-y-del-empleo-del-valles-oriental\/#breadcrumb\"},\"inLanguage\":\"es\",\"potentialAction\":[{\"@type\":\"ReadAction\",\"target\":[\"https:\/\/activaprospect.cat\/es\/2019\/04\/08\/arranca-el-diseno-del-plan-estrategico-de-desarrollo-economico-local-y-del-empleo-del-valles-oriental\/\"]}]},{\"@type\":\"ImageObject\",\"inLanguage\":\"es\",\"@id\":\"https:\/\/activaprospect.cat\/es\/2019\/04\/08\/arranca-el-diseno-del-plan-estrategico-de-desarrollo-economico-local-y-del-empleo-del-valles-oriental\/#primaryimage\",\"url\":\"https:\/\/activaprospect.cat\/wp-content\/uploads\/2018\/02\/pla-estrategic-desenvolupament.jpg\",\"contentUrl\":\"https:\/\/activaprospect.cat\/wp-content\/uploads\/2018\/02\/pla-estrategic-desenvolupament.jpg\",\"width\":1200,\"height\":902,\"caption\":\"pla estrategic desenvolupament\"},{\"@type\":\"BreadcrumbList\",\"@id\":\"https:\/\/activaprospect.cat\/es\/2019\/04\/08\/arranca-el-diseno-del-plan-estrategico-de-desarrollo-economico-local-y-del-empleo-del-valles-oriental\/#breadcrumb\",\"itemListElement\":[{\"@type\":\"ListItem\",\"position\":1,\"name\":\"Inici\",\"item\":\"https:\/\/activaprospect.cat\/es\/\"},{\"@type\":\"ListItem\",\"position\":2,\"name\":\"Arranca el dise\u00f1o del Plan Estrat\u00e9gico de Desarrollo Econ\u00f3mico Local y del Empleo del Vall\u00e8s Oriental\"}]},{\"@type\":\"WebSite\",\"@id\":\"https:\/\/activaprospect.cat\/es\/#website\",\"url\":\"https:\/\/activaprospect.cat\/es\/\",\"name\":\"Act\u00edva Prospect\",\"description\":\"Serveis de recerca, consultoria i assist&egrave;ncia t&egrave;cnica per la implementaci&oacute; de pol&iacute;tiques i projectes en l&#039;&agrave;mbit econ&ograve;mic i social\",\"publisher\":{\"@id\":\"https:\/\/activaprospect.cat\/es\/#organization\"},\"potentialAction\":[{\"@type\":\"SearchAction\",\"target\":{\"@type\":\"EntryPoint\",\"urlTemplate\":\"https:\/\/activaprospect.cat\/es\/?s={search_term_string}\"},\"query-input\":{\"@type\":\"PropertyValueSpecification\",\"valueRequired\":true,\"valueName\":\"search_term_string\"}}],\"inLanguage\":\"es\"},{\"@type\":\"Organization\",\"@id\":\"https:\/\/activaprospect.cat\/es\/#organization\",\"name\":\"ACT\u00cdVA PROSPECT Research & Solutions, S.L.\",\"url\":\"https:\/\/activaprospect.cat\/es\/\",\"logo\":{\"@type\":\"ImageObject\",\"inLanguage\":\"es\",\"@id\":\"https:\/\/activaprospect.cat\/es\/#\/schema\/logo\/image\/\",\"url\":\"https:\/\/activaprospect.cat\/wp-content\/uploads\/2018\/01\/logo-activa.png\",\"contentUrl\":\"https:\/\/activaprospect.cat\/wp-content\/uploads\/2018\/01\/logo-activa.png\",\"width\":365,\"height\":130,\"caption\":\"ACT\u00cdVA PROSPECT Research & Solutions, S.L.\"},\"image\":{\"@id\":\"https:\/\/activaprospect.cat\/es\/#\/schema\/logo\/image\/\"},\"sameAs\":[\"https:\/\/x.com\/activaprospect\",\"https:\/\/www.linkedin.com\/company\/activa-prospect\"]},{\"@type\":\"Person\",\"@id\":\"https:\/\/activaprospect.cat\/es\/#\/schema\/person\/6d0b94bc026be54d389f6e2c8b29c734\",\"name\":\"Activaprospect\",\"image\":{\"@type\":\"ImageObject\",\"inLanguage\":\"es\",\"@id\":\"https:\/\/activaprospect.cat\/es\/#\/schema\/person\/image\/\",\"url\":\"https:\/\/secure.gravatar.com\/avatar\/fcb321e95a052e2a22e9a6db968f9581b435a4e2c56d94a7b433b52695643a80?s=96&d=mm&r=g\",\"contentUrl\":\"https:\/\/secure.gravatar.com\/avatar\/fcb321e95a052e2a22e9a6db968f9581b435a4e2c56d94a7b433b52695643a80?s=96&d=mm&r=g\",\"caption\":\"Activaprospect\"},\"url\":\"https:\/\/activaprospect.cat\/es\/author\/activaprospect\/\"}]}<\/script>\n<!-- \/ Yoast SEO plugin. -->","yoast_head_json":{"title":"Arranca el dise\u00f1o del Plan Estrat\u00e9gico de Desarrollo Econ\u00f3mico Local y del Empleo del Vall\u00e8s Oriental - Act\u00edva Prospect","description":"Noticias de Activa Prospect: Arranca el dise\u00f1o del Plan Estrat\u00e9gico de Desarrollo Econ\u00f3mico Local y del Empleo del Vall\u00e8s Oriental.","robots":{"index":"index","follow":"follow","max-snippet":"max-snippet:-1","max-image-preview":"max-image-preview:large","max-video-preview":"max-video-preview:-1"},"canonical":"https:\/\/activaprospect.cat\/es\/2019\/04\/08\/arranca-el-diseno-del-plan-estrategico-de-desarrollo-economico-local-y-del-empleo-del-valles-oriental\/","og_locale":"es_ES","og_type":"article","og_title":"Arranca el dise\u00f1o del Plan Estrat\u00e9gico de Desarrollo Econ\u00f3mico Local y del Empleo del Vall\u00e8s Oriental - Act\u00edva Prospect","og_description":"Noticias de Activa Prospect: Arranca el dise\u00f1o del Plan Estrat\u00e9gico de Desarrollo Econ\u00f3mico Local y del Empleo del Vall\u00e8s Oriental.","og_url":"https:\/\/activaprospect.cat\/es\/2019\/04\/08\/arranca-el-diseno-del-plan-estrategico-de-desarrollo-economico-local-y-del-empleo-del-valles-oriental\/","og_site_name":"Act\u00edva Prospect","article_published_time":"2019-04-08T14:58:09+00:00","article_modified_time":"2019-04-08T14:58:10+00:00","og_image":[{"width":1200,"height":902,"url":"https:\/\/activaprospect.cat\/wp-content\/uploads\/2018\/02\/pla-estrategic-desenvolupament.jpg","type":"image\/jpeg"}],"author":"Activaprospect","twitter_card":"summary_large_image","twitter_creator":"@activaprospect","twitter_site":"@activaprospect","twitter_misc":{"Escrito por":"Activaprospect"},"schema":{"@context":"https:\/\/schema.org","@graph":[{"@type":"Article","@id":"https:\/\/activaprospect.cat\/es\/2019\/04\/08\/arranca-el-diseno-del-plan-estrategico-de-desarrollo-economico-local-y-del-empleo-del-valles-oriental\/#article","isPartOf":{"@id":"https:\/\/activaprospect.cat\/es\/2019\/04\/08\/arranca-el-diseno-del-plan-estrategico-de-desarrollo-economico-local-y-del-empleo-del-valles-oriental\/"},"author":{"name":"Activaprospect","@id":"https:\/\/activaprospect.cat\/es\/#\/schema\/person\/6d0b94bc026be54d389f6e2c8b29c734"},"headline":"Arranca el dise\u00f1o del Plan Estrat\u00e9gico de Desarrollo Econ\u00f3mico Local y del Empleo del Vall\u00e8s Oriental","datePublished":"2019-04-08T14:58:09+00:00","dateModified":"2019-04-08T14:58:10+00:00","mainEntityOfPage":{"@id":"https:\/\/activaprospect.cat\/es\/2019\/04\/08\/arranca-el-diseno-del-plan-estrategico-de-desarrollo-economico-local-y-del-empleo-del-valles-oriental\/"},"wordCount":103,"commentCount":0,"publisher":{"@id":"https:\/\/activaprospect.cat\/es\/#organization"},"image":{"@id":"https:\/\/activaprospect.cat\/es\/2019\/04\/08\/arranca-el-diseno-del-plan-estrategico-de-desarrollo-economico-local-y-del-empleo-del-valles-oriental\/#primaryimage"},"thumbnailUrl":"https:\/\/activaprospect.cat\/wp-content\/uploads\/2018\/02\/pla-estrategic-desenvolupament.jpg","articleSection":["Desarrollo local"],"inLanguage":"es","potentialAction":[{"@type":"CommentAction","name":"Comment","target":["https:\/\/activaprospect.cat\/es\/2019\/04\/08\/arranca-el-diseno-del-plan-estrategico-de-desarrollo-economico-local-y-del-empleo-del-valles-oriental\/#respond"]}]},{"@type":"WebPage","@id":"https:\/\/activaprospect.cat\/es\/2019\/04\/08\/arranca-el-diseno-del-plan-estrategico-de-desarrollo-economico-local-y-del-empleo-del-valles-oriental\/","url":"https:\/\/activaprospect.cat\/es\/2019\/04\/08\/arranca-el-diseno-del-plan-estrategico-de-desarrollo-economico-local-y-del-empleo-del-valles-oriental\/","name":"Arranca el dise\u00f1o del Plan Estrat\u00e9gico de Desarrollo Econ\u00f3mico Local y del Empleo del Vall\u00e8s Oriental - Act\u00edva Prospect","isPartOf":{"@id":"https:\/\/activaprospect.cat\/es\/#website"},"primaryImageOfPage":{"@id":"https:\/\/activaprospect.cat\/es\/2019\/04\/08\/arranca-el-diseno-del-plan-estrategico-de-desarrollo-economico-local-y-del-empleo-del-valles-oriental\/#primaryimage"},"image":{"@id":"https:\/\/activaprospect.cat\/es\/2019\/04\/08\/arranca-el-diseno-del-plan-estrategico-de-desarrollo-economico-local-y-del-empleo-del-valles-oriental\/#primaryimage"},"thumbnailUrl":"https:\/\/activaprospect.cat\/wp-content\/uploads\/2018\/02\/pla-estrategic-desenvolupament.jpg","datePublished":"2019-04-08T14:58:09+00:00","dateModified":"2019-04-08T14:58:10+00:00","description":"Noticias de Activa Prospect: Arranca el dise\u00f1o del Plan Estrat\u00e9gico de Desarrollo Econ\u00f3mico Local y del Empleo del Vall\u00e8s Oriental.","breadcrumb":{"@id":"https:\/\/activaprospect.cat\/es\/2019\/04\/08\/arranca-el-diseno-del-plan-estrategico-de-desarrollo-economico-local-y-del-empleo-del-valles-oriental\/#breadcrumb"},"inLanguage":"es","potentialAction":[{"@type":"ReadAction","target":["https:\/\/activaprospect.cat\/es\/2019\/04\/08\/arranca-el-diseno-del-plan-estrategico-de-desarrollo-economico-local-y-del-empleo-del-valles-oriental\/"]}]},{"@type":"ImageObject","inLanguage":"es","@id":"https:\/\/activaprospect.cat\/es\/2019\/04\/08\/arranca-el-diseno-del-plan-estrategico-de-desarrollo-economico-local-y-del-empleo-del-valles-oriental\/#primaryimage","url":"https:\/\/activaprospect.cat\/wp-content\/uploads\/2018\/02\/pla-estrategic-desenvolupament.jpg","contentUrl":"https:\/\/activaprospect.cat\/wp-content\/uploads\/2018\/02\/pla-estrategic-desenvolupament.jpg","width":1200,"height":902,"caption":"pla estrategic desenvolupament"},{"@type":"BreadcrumbList","@id":"https:\/\/activaprospect.cat\/es\/2019\/04\/08\/arranca-el-diseno-del-plan-estrategico-de-desarrollo-economico-local-y-del-empleo-del-valles-oriental\/#breadcrumb","itemListElement":[{"@type":"ListItem","position":1,"name":"Inici","item":"https:\/\/activaprospect.cat\/es\/"},{"@type":"ListItem","position":2,"name":"Arranca el dise\u00f1o del Plan Estrat\u00e9gico de Desarrollo Econ\u00f3mico Local y del Empleo del Vall\u00e8s Oriental"}]},{"@type":"WebSite","@id":"https:\/\/activaprospect.cat\/es\/#website","url":"https:\/\/activaprospect.cat\/es\/","name":"Act\u00edva Prospect","description":"Serveis de recerca, consultoria i assist&egrave;ncia t&egrave;cnica per la implementaci&oacute; de pol&iacute;tiques i projectes en l&#039;&agrave;mbit econ&ograve;mic i social","publisher":{"@id":"https:\/\/activaprospect.cat\/es\/#organization"},"potentialAction":[{"@type":"SearchAction","target":{"@type":"EntryPoint","urlTemplate":"https:\/\/activaprospect.cat\/es\/?s={search_term_string}"},"query-input":{"@type":"PropertyValueSpecification","valueRequired":true,"valueName":"search_term_string"}}],"inLanguage":"es"},{"@type":"Organization","@id":"https:\/\/activaprospect.cat\/es\/#organization","name":"ACT\u00cdVA PROSPECT Research & Solutions, S.L.","url":"https:\/\/activaprospect.cat\/es\/","logo":{"@type":"ImageObject","inLanguage":"es","@id":"https:\/\/activaprospect.cat\/es\/#\/schema\/logo\/image\/","url":"https:\/\/activaprospect.cat\/wp-content\/uploads\/2018\/01\/logo-activa.png","contentUrl":"https:\/\/activaprospect.cat\/wp-content\/uploads\/2018\/01\/logo-activa.png","width":365,"height":130,"caption":"ACT\u00cdVA PROSPECT Research & Solutions, S.L."},"image":{"@id":"https:\/\/activaprospect.cat\/es\/#\/schema\/logo\/image\/"},"sameAs":["https:\/\/x.com\/activaprospect","https:\/\/www.linkedin.com\/company\/activa-prospect"]},{"@type":"Person","@id":"https:\/\/activaprospect.cat\/es\/#\/schema\/person\/6d0b94bc026be54d389f6e2c8b29c734","name":"Activaprospect","image":{"@type":"ImageObject","inLanguage":"es","@id":"https:\/\/activaprospect.cat\/es\/#\/schema\/person\/image\/","url":"https:\/\/secure.gravatar.com\/avatar\/fcb321e95a052e2a22e9a6db968f9581b435a4e2c56d94a7b433b52695643a80?s=96&d=mm&r=g","contentUrl":"https:\/\/secure.gravatar.com\/avatar\/fcb321e95a052e2a22e9a6db968f9581b435a4e2c56d94a7b433b52695643a80?s=96&d=mm&r=g","caption":"Activaprospect"},"url":"https:\/\/activaprospect.cat\/es\/author\/activaprospect\/"}]}},"_links":{"self":[{"href":"https:\/\/activaprospect.cat\/es\/wp-json\/wp\/v2\/posts\/1384","targetHints":{"allow":["GET"]}}],"collection":[{"href":"https:\/\/activaprospect.cat\/es\/wp-json\/wp\/v2\/posts"}],"about":[{"href":"https:\/\/activaprospect.cat\/es\/wp-json\/wp\/v2\/types\/post"}],"author":[{"embeddable":true,"href":"https:\/\/activaprospect.cat\/es\/wp-json\/wp\/v2\/users\/2"}],"replies":[{"embeddable":true,"href":"https:\/\/activaprospect.cat\/es\/wp-json\/wp\/v2\/comments?post=1384"}],"version-history":[{"count":0,"href":"https:\/\/activaprospect.cat\/es\/wp-json\/wp\/v2\/posts\/1384\/revisions"}],"wp:featuredmedia":[{"embeddable":true,"href":"https:\/\/activaprospect.cat\/es\/wp-json\/wp\/v2\/media\/521"}],"wp:attachment":[{"href":"https:\/\/activaprospect.cat\/es\/wp-json\/wp\/v2\/media?parent=1384"}],"wp:term":[{"taxonomy":"category","embeddable":true,"href":"https:\/\/activaprospect.cat\/es\/wp-json\/wp\/v2\/categories?post=1384"},{"taxonomy":"post_tag","embeddable":true,"href":"https:\/\/activaprospect.cat\/es\/wp-json\/wp\/v2\/tags?post=1384"},{"taxonomy":"serveis","embeddable":true,"href":"https:\/\/activaprospect.cat\/es\/wp-json\/wp\/v2\/serveis?post=1384"},{"taxonomy":"post_series","embeddable":true,"href":"https:\/\/activaprospect.cat\/es\/wp-json\/wp\/v2\/post_series?post=1384"}],"curies":[{"name":"wp","href":"https:\/\/api.w.org\/{rel}","templated":true}]}}