{"id":1623,"date":"2019-09-23T12:42:12","date_gmt":"2019-09-23T12:42:12","guid":{"rendered":"https:\/\/activaprospect.cat\/?p=1623"},"modified":"2019-09-23T12:42:14","modified_gmt":"2019-09-23T12:42:14","slug":"disponible-el-informe-de-coyuntura-economica-del-1er-semestre-del-2019-para-las-comarcas-del-gran-penedes","status":"publish","type":"post","link":"https:\/\/activaprospect.cat\/es\/2019\/09\/23\/disponible-el-informe-de-coyuntura-economica-del-1er-semestre-del-2019-para-las-comarcas-del-gran-penedes\/","title":{"rendered":"Disponible el Informe de Coyuntura Econ\u00f3mica del 1er semestre del 2019 para las comarcas del Gran Pened\u00e8s"},"content":{"rendered":"\n<p>El pasado viernes 20 de septiembre se present\u00f3 el Informe de Coyuntura\nEcon\u00f3mica del \u00e1mbito del Gran Pened\u00e8s, que incluye el Garraf, el Baix Pened\u00e8s y\nel Alt Pened\u00e8s. El informe lo elabora Activa Prospect y lo publica\nsemestralmente la Federaci\u00f3 Empresarial del Gran Pened\u00e8s (FEGP). El objetivo\ndel trabajo es tanto el de dar a conocer las tendencias macroecon\u00f3micas de las\neconom\u00edas comarcales, como el de abrir un debate p\u00fablico que permita\nidentificar y abordar las oportunidades y los retos a los que debe hacer frente\nel territorio.<\/p>\n\n\n\n<p>En esta edici\u00f3n se pone de manifiesto la <strong>ralentizaci\u00f3n generalizada de la econom\u00eda<\/strong> a ra\u00edz de un contexto internacional marcado por la incertidumbre y la inestabilidad. La guerra comercial entre Estados Unidos y China, los conflictos geopol\u00edticos en el Golfo P\u00e9rsico, los riesgos planteados por Brexit y las limitaciones en materia de pol\u00edtica monetaria por parte del BCE han supuesto frenos a la inversi\u00f3n y al comercio internacional. En este contexto, las comarcas del Gran Pened\u00e8s y el conjunto de la econom\u00eda catalana han experimentado una ralentizaci\u00f3n caracterizada por menores tasas de crecimiento del empleo (del 2,0% en el Baix Pened\u00e8s y del 1,6% en el Garraf y Barcelona) y de la contrataci\u00f3n, as\u00ed como por ritmos m\u00e1s lentos de reducci\u00f3n del paro. <\/p>\n\n\n\n<p><strong>La ralentizaci\u00f3n de la econom\u00eda global afecta a las comarcas del Gran Pened\u00e8s<\/strong><\/p>\n\n\n\n<p>La <strong>inestabilidad<\/strong> en el panorama internacional ha supuesto un <strong>freno al crecimiento<\/strong> de las econom\u00edas de las comarcas del Gran Pened\u00e8s que, en los \u00faltimos trimestres, han visto progresivamente reducidas sus tasas de crecimiento del empleo. Despu\u00e9s de un per\u00edodo de fuerte recuperaci\u00f3n econ\u00f3mica, el Garraf, el Alt Pened\u00e8s y el Baix Pened\u00e8s han tendido a moderar sus ritmos de crecimiento de los puestos de trabajo, pasando de crecer un 4,0% interanual en 2017 a tasas en torno al 1,6% y al 2,0% en la actualidad. Sin embargo, <strong>el Gran Pened\u00e8s cuenta ahora con 1.333 empleos m\u00e1s que hace un a\u00f1o<\/strong>, principalmente gracias al crecimiento de los servicios y la construcci\u00f3n, que han generado el 87,9% de los nuevos puestos de trabajo.<\/p>\n\n\n\n<p><strong>La Industria, el motor del crecimiento del Garraf<\/strong><\/p>\n\n\n\n<p>Con un incremento del 6,2%, durante el primer semestre del 2019 <strong>la Industria del Garraf ha creado en torno a 250 nuevos puestos de trabajo<\/strong> respecto al mismo per\u00edodo del a\u00f1o pasado. Los sectores de la metalurgia, de la fabricaci\u00f3n de materiales de transporte y las actividades manufactureras han crecido a ritmos superiores al 14,0% y han llegado hasta el 36,8% en el caso de los productos met\u00e1licos. El <strong>Hosteler\u00eda ha sido otro de los sectores m\u00e1s din\u00e1micos de la comarca<\/strong>. El crecimiento del 6,4% de los puestos de trabajo durante el segundo trimestre del 2019 la ha situado como <strong>la 7\u00aa comarca de Catalu\u00f1a en la que m\u00e1s ha crecido el sector<\/strong>. <\/p>\n\n\n\n<p><strong>La Construcci\u00f3n crece un\n11,1% en el Alt Pened\u00e8s<\/strong><\/p>\n\n\n\n<p> Los ya elevados <strong>ritmos de crecimiento del sector de la construcci\u00f3n en el Alt Pened\u00e8s se han casi duplicado durante la primera mitad del 2019<\/strong> para situarse en el 12,0% y en el 10,1% en el primer y segundo trimestre del a\u00f1o. Este hecho ha supuesto la creaci\u00f3n de 260 puestos de trabajo, el 19,5% del empleo creado en el conjunto del \u00e1mbito durante el segundo trimestre del a\u00f1o. Los cambios administrativos en el \u00e1mbito de la salud a ra\u00edz de la fusi\u00f3n de los Consorcios Sanitarios del Garraf y el Alt Pened\u00e8s han supuesto un incremento sobre el papel de 1.200 lugares de trabajo en el sector. Finalmente, <strong>el crecimiento del 5,7% del empleo en el Comercio ha situado a la comarca como la 3\u00aa de Catalu\u00f1a en la que m\u00e1s ha crecido el sector.<\/strong><\/p>\n\n\n\n<p><strong> El Baix Pened\u00e8s es la comarca en la que m\u00e1s se reduce el paro<\/strong><br> La tendencia generalizada a la ralentizaci\u00f3n de los ritmos de reducci\u00f3n del paro se ha revertido en el Baix Pened\u00e8s con un nuevo empuje a <strong>la disminuci\u00f3n del desempleo, que ha sido del -5,7% durante el primer semestre de 2019<\/strong>. Esta cifra es la m\u00e1s elevada del \u00e1mbito y se sit\u00faa por encima de la variaci\u00f3n en Catalu\u00f1a (-4,4%). La reducci\u00f3n del desempleo en todos los \u00e1mbitos excepto en la Administraci\u00f3n y la Seguridad Social ha permitido disminuir en 382 las personas en situaci\u00f3n de desempleo en la comarca. Tanto la Construcci\u00f3n como los Servicios han tenido un papel destacado en la evoluci\u00f3n del indicador, especialmente gracias al buen \u00a0comportamiento de las actividades relacionadas con el Comercio y la Hosteler\u00eda.<br> <br> Puede consultar el informe aqu\u00ed: <a href=\"https:\/\/www.fegp.cat\/index.php\/comunicacio\/estudis\/informe-conjunt\">https:\/\/www.fegp.cat\/index.php\/comunicacio\/estudis\/informe-conjunt<\/a><\/p>\n","protected":false},"excerpt":{"rendered":"<p>El pasado viernes 20 de septiembre se present\u00f3 el Informe de Coyuntura Econ\u00f3mica del \u00e1mbito del Gran Pened\u00e8s, que incluye el Garraf, el Baix Pened\u00e8s y el Alt Pened\u00e8s. El informe lo elabora Activa Prospect y lo publica semestralmente la Federaci\u00f3 Empresarial del Gran Pened\u00e8s (FEGP). El objetivo del trabajo es tanto el de dar&hellip;<\/p>\n","protected":false},"author":2,"featured_media":1616,"comment_status":"open","ping_status":"closed","sticky":false,"template":"","format":"standard","meta":{"footnotes":""},"categories":[142],"tags":[151,152],"serveis":[262],"post_series":[],"class_list":["post-1623","post","type-post","status-publish","format-standard","has-post-thumbnail","hentry","category-desarrollo-local","tag-fegp","tag-informe-de-coyuntura","serveis-difusio-socioeconomica-es","entry","has-media"],"yoast_head":"<!-- This site is optimized with the Yoast SEO plugin v26.8 - https:\/\/yoast.com\/product\/yoast-seo-wordpress\/ -->\n<title>Disponible el Informe de Coyuntura Econ\u00f3mica del 1er semestre del 2019 para las comarcas del Gran Pened\u00e8s - Act\u00edva Prospect<\/title>\n<meta name=\"description\" content=\"Noticias de Activa Prospect: Disponible el Informe de Coyuntura Econ\u00f3mica del 1er semestre del 2019 para las comarcas del Gran Pened\u00e8s.\" \/>\n<meta name=\"robots\" content=\"index, follow, max-snippet:-1, max-image-preview:large, max-video-preview:-1\" \/>\n<link rel=\"canonical\" href=\"https:\/\/activaprospect.cat\/es\/2019\/09\/23\/disponible-el-informe-de-coyuntura-economica-del-1er-semestre-del-2019-para-las-comarcas-del-gran-penedes\/\" \/>\n<meta property=\"og:locale\" content=\"es_ES\" \/>\n<meta property=\"og:type\" content=\"article\" \/>\n<meta property=\"og:title\" content=\"Disponible el Informe de Coyuntura Econ\u00f3mica del 1er semestre del 2019 para las comarcas del Gran Pened\u00e8s - Act\u00edva Prospect\" \/>\n<meta property=\"og:description\" content=\"Noticias de Activa Prospect: Disponible el Informe de Coyuntura Econ\u00f3mica del 1er semestre del 2019 para las comarcas del Gran Pened\u00e8s.\" \/>\n<meta property=\"og:url\" content=\"https:\/\/activaprospect.cat\/es\/2019\/09\/23\/disponible-el-informe-de-coyuntura-economica-del-1er-semestre-del-2019-para-las-comarcas-del-gran-penedes\/\" \/>\n<meta property=\"og:site_name\" content=\"Act\u00edva Prospect\" \/>\n<meta property=\"article:published_time\" content=\"2019-09-23T12:42:12+00:00\" \/>\n<meta property=\"article:modified_time\" content=\"2019-09-23T12:42:14+00:00\" \/>\n<meta property=\"og:image\" content=\"https:\/\/activaprospect.cat\/wp-content\/uploads\/2019\/09\/Imatge-portada-article-web-1.jpg\" \/>\n\t<meta property=\"og:image:width\" content=\"700\" \/>\n\t<meta property=\"og:image:height\" content=\"933\" \/>\n\t<meta property=\"og:image:type\" content=\"image\/jpeg\" \/>\n<meta name=\"author\" content=\"Activaprospect\" \/>\n<meta name=\"twitter:card\" content=\"summary_large_image\" \/>\n<meta name=\"twitter:creator\" content=\"@activaprospect\" \/>\n<meta name=\"twitter:site\" content=\"@activaprospect\" \/>\n<meta name=\"twitter:label1\" content=\"Escrito por\" \/>\n\t<meta name=\"twitter:data1\" content=\"Activaprospect\" \/>\n\t<meta name=\"twitter:label2\" content=\"Tiempo de lectura\" \/>\n\t<meta name=\"twitter:data2\" content=\"4 minutos\" \/>\n<script type=\"application\/ld+json\" class=\"yoast-schema-graph\">{\"@context\":\"https:\/\/schema.org\",\"@graph\":[{\"@type\":\"Article\",\"@id\":\"https:\/\/activaprospect.cat\/es\/2019\/09\/23\/disponible-el-informe-de-coyuntura-economica-del-1er-semestre-del-2019-para-las-comarcas-del-gran-penedes\/#article\",\"isPartOf\":{\"@id\":\"https:\/\/activaprospect.cat\/es\/2019\/09\/23\/disponible-el-informe-de-coyuntura-economica-del-1er-semestre-del-2019-para-las-comarcas-del-gran-penedes\/\"},\"author\":{\"name\":\"Activaprospect\",\"@id\":\"https:\/\/activaprospect.cat\/es\/#\/schema\/person\/6d0b94bc026be54d389f6e2c8b29c734\"},\"headline\":\"Disponible el Informe de Coyuntura Econ\u00f3mica del 1er semestre del 2019 para las comarcas del Gran Pened\u00e8s\",\"datePublished\":\"2019-09-23T12:42:12+00:00\",\"dateModified\":\"2019-09-23T12:42:14+00:00\",\"mainEntityOfPage\":{\"@id\":\"https:\/\/activaprospect.cat\/es\/2019\/09\/23\/disponible-el-informe-de-coyuntura-economica-del-1er-semestre-del-2019-para-las-comarcas-del-gran-penedes\/\"},\"wordCount\":826,\"commentCount\":0,\"publisher\":{\"@id\":\"https:\/\/activaprospect.cat\/es\/#organization\"},\"image\":{\"@id\":\"https:\/\/activaprospect.cat\/es\/2019\/09\/23\/disponible-el-informe-de-coyuntura-economica-del-1er-semestre-del-2019-para-las-comarcas-del-gran-penedes\/#primaryimage\"},\"thumbnailUrl\":\"https:\/\/activaprospect.cat\/wp-content\/uploads\/2019\/09\/Imatge-portada-article-web-1.jpg\",\"keywords\":[\"FEGP\",\"Informe de coyuntura\"],\"articleSection\":[\"Desarrollo local\"],\"inLanguage\":\"es\",\"potentialAction\":[{\"@type\":\"CommentAction\",\"name\":\"Comment\",\"target\":[\"https:\/\/activaprospect.cat\/es\/2019\/09\/23\/disponible-el-informe-de-coyuntura-economica-del-1er-semestre-del-2019-para-las-comarcas-del-gran-penedes\/#respond\"]}]},{\"@type\":\"WebPage\",\"@id\":\"https:\/\/activaprospect.cat\/es\/2019\/09\/23\/disponible-el-informe-de-coyuntura-economica-del-1er-semestre-del-2019-para-las-comarcas-del-gran-penedes\/\",\"url\":\"https:\/\/activaprospect.cat\/es\/2019\/09\/23\/disponible-el-informe-de-coyuntura-economica-del-1er-semestre-del-2019-para-las-comarcas-del-gran-penedes\/\",\"name\":\"Disponible el Informe de Coyuntura Econ\u00f3mica del 1er semestre del 2019 para las comarcas del Gran Pened\u00e8s - Act\u00edva Prospect\",\"isPartOf\":{\"@id\":\"https:\/\/activaprospect.cat\/es\/#website\"},\"primaryImageOfPage\":{\"@id\":\"https:\/\/activaprospect.cat\/es\/2019\/09\/23\/disponible-el-informe-de-coyuntura-economica-del-1er-semestre-del-2019-para-las-comarcas-del-gran-penedes\/#primaryimage\"},\"image\":{\"@id\":\"https:\/\/activaprospect.cat\/es\/2019\/09\/23\/disponible-el-informe-de-coyuntura-economica-del-1er-semestre-del-2019-para-las-comarcas-del-gran-penedes\/#primaryimage\"},\"thumbnailUrl\":\"https:\/\/activaprospect.cat\/wp-content\/uploads\/2019\/09\/Imatge-portada-article-web-1.jpg\",\"datePublished\":\"2019-09-23T12:42:12+00:00\",\"dateModified\":\"2019-09-23T12:42:14+00:00\",\"description\":\"Noticias de Activa Prospect: Disponible el Informe de Coyuntura Econ\u00f3mica del 1er semestre del 2019 para las comarcas del Gran Pened\u00e8s.\",\"breadcrumb\":{\"@id\":\"https:\/\/activaprospect.cat\/es\/2019\/09\/23\/disponible-el-informe-de-coyuntura-economica-del-1er-semestre-del-2019-para-las-comarcas-del-gran-penedes\/#breadcrumb\"},\"inLanguage\":\"es\",\"potentialAction\":[{\"@type\":\"ReadAction\",\"target\":[\"https:\/\/activaprospect.cat\/es\/2019\/09\/23\/disponible-el-informe-de-coyuntura-economica-del-1er-semestre-del-2019-para-las-comarcas-del-gran-penedes\/\"]}]},{\"@type\":\"ImageObject\",\"inLanguage\":\"es\",\"@id\":\"https:\/\/activaprospect.cat\/es\/2019\/09\/23\/disponible-el-informe-de-coyuntura-economica-del-1er-semestre-del-2019-para-las-comarcas-del-gran-penedes\/#primaryimage\",\"url\":\"https:\/\/activaprospect.cat\/wp-content\/uploads\/2019\/09\/Imatge-portada-article-web-1.jpg\",\"contentUrl\":\"https:\/\/activaprospect.cat\/wp-content\/uploads\/2019\/09\/Imatge-portada-article-web-1.jpg\",\"width\":700,\"height\":933},{\"@type\":\"BreadcrumbList\",\"@id\":\"https:\/\/activaprospect.cat\/es\/2019\/09\/23\/disponible-el-informe-de-coyuntura-economica-del-1er-semestre-del-2019-para-las-comarcas-del-gran-penedes\/#breadcrumb\",\"itemListElement\":[{\"@type\":\"ListItem\",\"position\":1,\"name\":\"Inici\",\"item\":\"https:\/\/activaprospect.cat\/es\/\"},{\"@type\":\"ListItem\",\"position\":2,\"name\":\"Disponible el Informe de Coyuntura Econ\u00f3mica del 1er semestre del 2019 para las comarcas del Gran Pened\u00e8s\"}]},{\"@type\":\"WebSite\",\"@id\":\"https:\/\/activaprospect.cat\/es\/#website\",\"url\":\"https:\/\/activaprospect.cat\/es\/\",\"name\":\"Act\u00edva Prospect\",\"description\":\"Serveis de recerca, consultoria i assist&egrave;ncia t&egrave;cnica per la implementaci&oacute; de pol&iacute;tiques i projectes en l&#039;&agrave;mbit econ&ograve;mic i social\",\"publisher\":{\"@id\":\"https:\/\/activaprospect.cat\/es\/#organization\"},\"potentialAction\":[{\"@type\":\"SearchAction\",\"target\":{\"@type\":\"EntryPoint\",\"urlTemplate\":\"https:\/\/activaprospect.cat\/es\/?s={search_term_string}\"},\"query-input\":{\"@type\":\"PropertyValueSpecification\",\"valueRequired\":true,\"valueName\":\"search_term_string\"}}],\"inLanguage\":\"es\"},{\"@type\":\"Organization\",\"@id\":\"https:\/\/activaprospect.cat\/es\/#organization\",\"name\":\"ACT\u00cdVA PROSPECT Research & Solutions, S.L.\",\"url\":\"https:\/\/activaprospect.cat\/es\/\",\"logo\":{\"@type\":\"ImageObject\",\"inLanguage\":\"es\",\"@id\":\"https:\/\/activaprospect.cat\/es\/#\/schema\/logo\/image\/\",\"url\":\"https:\/\/activaprospect.cat\/wp-content\/uploads\/2018\/01\/logo-activa.png\",\"contentUrl\":\"https:\/\/activaprospect.cat\/wp-content\/uploads\/2018\/01\/logo-activa.png\",\"width\":365,\"height\":130,\"caption\":\"ACT\u00cdVA PROSPECT Research & Solutions, S.L.\"},\"image\":{\"@id\":\"https:\/\/activaprospect.cat\/es\/#\/schema\/logo\/image\/\"},\"sameAs\":[\"https:\/\/x.com\/activaprospect\",\"https:\/\/www.linkedin.com\/company\/activa-prospect\"]},{\"@type\":\"Person\",\"@id\":\"https:\/\/activaprospect.cat\/es\/#\/schema\/person\/6d0b94bc026be54d389f6e2c8b29c734\",\"name\":\"Activaprospect\",\"image\":{\"@type\":\"ImageObject\",\"inLanguage\":\"es\",\"@id\":\"https:\/\/activaprospect.cat\/es\/#\/schema\/person\/image\/\",\"url\":\"https:\/\/secure.gravatar.com\/avatar\/fcb321e95a052e2a22e9a6db968f9581b435a4e2c56d94a7b433b52695643a80?s=96&d=mm&r=g\",\"contentUrl\":\"https:\/\/secure.gravatar.com\/avatar\/fcb321e95a052e2a22e9a6db968f9581b435a4e2c56d94a7b433b52695643a80?s=96&d=mm&r=g\",\"caption\":\"Activaprospect\"},\"url\":\"https:\/\/activaprospect.cat\/es\/author\/activaprospect\/\"}]}<\/script>\n<!-- \/ Yoast SEO plugin. -->","yoast_head_json":{"title":"Disponible el Informe de Coyuntura Econ\u00f3mica del 1er semestre del 2019 para las comarcas del Gran Pened\u00e8s - Act\u00edva Prospect","description":"Noticias de Activa Prospect: Disponible el Informe de Coyuntura Econ\u00f3mica del 1er semestre del 2019 para las comarcas del Gran Pened\u00e8s.","robots":{"index":"index","follow":"follow","max-snippet":"max-snippet:-1","max-image-preview":"max-image-preview:large","max-video-preview":"max-video-preview:-1"},"canonical":"https:\/\/activaprospect.cat\/es\/2019\/09\/23\/disponible-el-informe-de-coyuntura-economica-del-1er-semestre-del-2019-para-las-comarcas-del-gran-penedes\/","og_locale":"es_ES","og_type":"article","og_title":"Disponible el Informe de Coyuntura Econ\u00f3mica del 1er semestre del 2019 para las comarcas del Gran Pened\u00e8s - Act\u00edva Prospect","og_description":"Noticias de Activa Prospect: Disponible el Informe de Coyuntura Econ\u00f3mica del 1er semestre del 2019 para las comarcas del Gran Pened\u00e8s.","og_url":"https:\/\/activaprospect.cat\/es\/2019\/09\/23\/disponible-el-informe-de-coyuntura-economica-del-1er-semestre-del-2019-para-las-comarcas-del-gran-penedes\/","og_site_name":"Act\u00edva Prospect","article_published_time":"2019-09-23T12:42:12+00:00","article_modified_time":"2019-09-23T12:42:14+00:00","og_image":[{"width":700,"height":933,"url":"https:\/\/activaprospect.cat\/wp-content\/uploads\/2019\/09\/Imatge-portada-article-web-1.jpg","type":"image\/jpeg"}],"author":"Activaprospect","twitter_card":"summary_large_image","twitter_creator":"@activaprospect","twitter_site":"@activaprospect","twitter_misc":{"Escrito por":"Activaprospect","Tiempo de lectura":"4 minutos"},"schema":{"@context":"https:\/\/schema.org","@graph":[{"@type":"Article","@id":"https:\/\/activaprospect.cat\/es\/2019\/09\/23\/disponible-el-informe-de-coyuntura-economica-del-1er-semestre-del-2019-para-las-comarcas-del-gran-penedes\/#article","isPartOf":{"@id":"https:\/\/activaprospect.cat\/es\/2019\/09\/23\/disponible-el-informe-de-coyuntura-economica-del-1er-semestre-del-2019-para-las-comarcas-del-gran-penedes\/"},"author":{"name":"Activaprospect","@id":"https:\/\/activaprospect.cat\/es\/#\/schema\/person\/6d0b94bc026be54d389f6e2c8b29c734"},"headline":"Disponible el Informe de Coyuntura Econ\u00f3mica del 1er semestre del 2019 para las comarcas del Gran Pened\u00e8s","datePublished":"2019-09-23T12:42:12+00:00","dateModified":"2019-09-23T12:42:14+00:00","mainEntityOfPage":{"@id":"https:\/\/activaprospect.cat\/es\/2019\/09\/23\/disponible-el-informe-de-coyuntura-economica-del-1er-semestre-del-2019-para-las-comarcas-del-gran-penedes\/"},"wordCount":826,"commentCount":0,"publisher":{"@id":"https:\/\/activaprospect.cat\/es\/#organization"},"image":{"@id":"https:\/\/activaprospect.cat\/es\/2019\/09\/23\/disponible-el-informe-de-coyuntura-economica-del-1er-semestre-del-2019-para-las-comarcas-del-gran-penedes\/#primaryimage"},"thumbnailUrl":"https:\/\/activaprospect.cat\/wp-content\/uploads\/2019\/09\/Imatge-portada-article-web-1.jpg","keywords":["FEGP","Informe de coyuntura"],"articleSection":["Desarrollo local"],"inLanguage":"es","potentialAction":[{"@type":"CommentAction","name":"Comment","target":["https:\/\/activaprospect.cat\/es\/2019\/09\/23\/disponible-el-informe-de-coyuntura-economica-del-1er-semestre-del-2019-para-las-comarcas-del-gran-penedes\/#respond"]}]},{"@type":"WebPage","@id":"https:\/\/activaprospect.cat\/es\/2019\/09\/23\/disponible-el-informe-de-coyuntura-economica-del-1er-semestre-del-2019-para-las-comarcas-del-gran-penedes\/","url":"https:\/\/activaprospect.cat\/es\/2019\/09\/23\/disponible-el-informe-de-coyuntura-economica-del-1er-semestre-del-2019-para-las-comarcas-del-gran-penedes\/","name":"Disponible el Informe de Coyuntura Econ\u00f3mica del 1er semestre del 2019 para las comarcas del Gran Pened\u00e8s - Act\u00edva Prospect","isPartOf":{"@id":"https:\/\/activaprospect.cat\/es\/#website"},"primaryImageOfPage":{"@id":"https:\/\/activaprospect.cat\/es\/2019\/09\/23\/disponible-el-informe-de-coyuntura-economica-del-1er-semestre-del-2019-para-las-comarcas-del-gran-penedes\/#primaryimage"},"image":{"@id":"https:\/\/activaprospect.cat\/es\/2019\/09\/23\/disponible-el-informe-de-coyuntura-economica-del-1er-semestre-del-2019-para-las-comarcas-del-gran-penedes\/#primaryimage"},"thumbnailUrl":"https:\/\/activaprospect.cat\/wp-content\/uploads\/2019\/09\/Imatge-portada-article-web-1.jpg","datePublished":"2019-09-23T12:42:12+00:00","dateModified":"2019-09-23T12:42:14+00:00","description":"Noticias de Activa Prospect: Disponible el Informe de Coyuntura Econ\u00f3mica del 1er semestre del 2019 para las comarcas del Gran Pened\u00e8s.","breadcrumb":{"@id":"https:\/\/activaprospect.cat\/es\/2019\/09\/23\/disponible-el-informe-de-coyuntura-economica-del-1er-semestre-del-2019-para-las-comarcas-del-gran-penedes\/#breadcrumb"},"inLanguage":"es","potentialAction":[{"@type":"ReadAction","target":["https:\/\/activaprospect.cat\/es\/2019\/09\/23\/disponible-el-informe-de-coyuntura-economica-del-1er-semestre-del-2019-para-las-comarcas-del-gran-penedes\/"]}]},{"@type":"ImageObject","inLanguage":"es","@id":"https:\/\/activaprospect.cat\/es\/2019\/09\/23\/disponible-el-informe-de-coyuntura-economica-del-1er-semestre-del-2019-para-las-comarcas-del-gran-penedes\/#primaryimage","url":"https:\/\/activaprospect.cat\/wp-content\/uploads\/2019\/09\/Imatge-portada-article-web-1.jpg","contentUrl":"https:\/\/activaprospect.cat\/wp-content\/uploads\/2019\/09\/Imatge-portada-article-web-1.jpg","width":700,"height":933},{"@type":"BreadcrumbList","@id":"https:\/\/activaprospect.cat\/es\/2019\/09\/23\/disponible-el-informe-de-coyuntura-economica-del-1er-semestre-del-2019-para-las-comarcas-del-gran-penedes\/#breadcrumb","itemListElement":[{"@type":"ListItem","position":1,"name":"Inici","item":"https:\/\/activaprospect.cat\/es\/"},{"@type":"ListItem","position":2,"name":"Disponible el Informe de Coyuntura Econ\u00f3mica del 1er semestre del 2019 para las comarcas del Gran Pened\u00e8s"}]},{"@type":"WebSite","@id":"https:\/\/activaprospect.cat\/es\/#website","url":"https:\/\/activaprospect.cat\/es\/","name":"Act\u00edva Prospect","description":"Serveis de recerca, consultoria i assist&egrave;ncia t&egrave;cnica per la implementaci&oacute; de pol&iacute;tiques i projectes en l&#039;&agrave;mbit econ&ograve;mic i social","publisher":{"@id":"https:\/\/activaprospect.cat\/es\/#organization"},"potentialAction":[{"@type":"SearchAction","target":{"@type":"EntryPoint","urlTemplate":"https:\/\/activaprospect.cat\/es\/?s={search_term_string}"},"query-input":{"@type":"PropertyValueSpecification","valueRequired":true,"valueName":"search_term_string"}}],"inLanguage":"es"},{"@type":"Organization","@id":"https:\/\/activaprospect.cat\/es\/#organization","name":"ACT\u00cdVA PROSPECT Research & Solutions, S.L.","url":"https:\/\/activaprospect.cat\/es\/","logo":{"@type":"ImageObject","inLanguage":"es","@id":"https:\/\/activaprospect.cat\/es\/#\/schema\/logo\/image\/","url":"https:\/\/activaprospect.cat\/wp-content\/uploads\/2018\/01\/logo-activa.png","contentUrl":"https:\/\/activaprospect.cat\/wp-content\/uploads\/2018\/01\/logo-activa.png","width":365,"height":130,"caption":"ACT\u00cdVA PROSPECT Research & Solutions, S.L."},"image":{"@id":"https:\/\/activaprospect.cat\/es\/#\/schema\/logo\/image\/"},"sameAs":["https:\/\/x.com\/activaprospect","https:\/\/www.linkedin.com\/company\/activa-prospect"]},{"@type":"Person","@id":"https:\/\/activaprospect.cat\/es\/#\/schema\/person\/6d0b94bc026be54d389f6e2c8b29c734","name":"Activaprospect","image":{"@type":"ImageObject","inLanguage":"es","@id":"https:\/\/activaprospect.cat\/es\/#\/schema\/person\/image\/","url":"https:\/\/secure.gravatar.com\/avatar\/fcb321e95a052e2a22e9a6db968f9581b435a4e2c56d94a7b433b52695643a80?s=96&d=mm&r=g","contentUrl":"https:\/\/secure.gravatar.com\/avatar\/fcb321e95a052e2a22e9a6db968f9581b435a4e2c56d94a7b433b52695643a80?s=96&d=mm&r=g","caption":"Activaprospect"},"url":"https:\/\/activaprospect.cat\/es\/author\/activaprospect\/"}]}},"_links":{"self":[{"href":"https:\/\/activaprospect.cat\/es\/wp-json\/wp\/v2\/posts\/1623","targetHints":{"allow":["GET"]}}],"collection":[{"href":"https:\/\/activaprospect.cat\/es\/wp-json\/wp\/v2\/posts"}],"about":[{"href":"https:\/\/activaprospect.cat\/es\/wp-json\/wp\/v2\/types\/post"}],"author":[{"embeddable":true,"href":"https:\/\/activaprospect.cat\/es\/wp-json\/wp\/v2\/users\/2"}],"replies":[{"embeddable":true,"href":"https:\/\/activaprospect.cat\/es\/wp-json\/wp\/v2\/comments?post=1623"}],"version-history":[{"count":0,"href":"https:\/\/activaprospect.cat\/es\/wp-json\/wp\/v2\/posts\/1623\/revisions"}],"wp:featuredmedia":[{"embeddable":true,"href":"https:\/\/activaprospect.cat\/es\/wp-json\/wp\/v2\/media\/1616"}],"wp:attachment":[{"href":"https:\/\/activaprospect.cat\/es\/wp-json\/wp\/v2\/media?parent=1623"}],"wp:term":[{"taxonomy":"category","embeddable":true,"href":"https:\/\/activaprospect.cat\/es\/wp-json\/wp\/v2\/categories?post=1623"},{"taxonomy":"post_tag","embeddable":true,"href":"https:\/\/activaprospect.cat\/es\/wp-json\/wp\/v2\/tags?post=1623"},{"taxonomy":"serveis","embeddable":true,"href":"https:\/\/activaprospect.cat\/es\/wp-json\/wp\/v2\/serveis?post=1623"},{"taxonomy":"post_series","embeddable":true,"href":"https:\/\/activaprospect.cat\/es\/wp-json\/wp\/v2\/post_series?post=1623"}],"curies":[{"name":"wp","href":"https:\/\/api.w.org\/{rel}","templated":true}]}}