{"id":1632,"date":"2019-09-26T14:26:52","date_gmt":"2019-09-26T14:26:52","guid":{"rendered":"https:\/\/activaprospect.cat\/?p=1632"},"modified":"2019-09-26T14:26:54","modified_gmt":"2019-09-26T14:26:54","slug":"enfriamiento-en-el-crecimiento-economico-del-ambito-de-sabadell-la-cuenca-del-ripoll-y-la-riera-de-caldes-crirc-en-los-primeros-seis-meses-de-2019","status":"publish","type":"post","link":"https:\/\/activaprospect.cat\/es\/2019\/09\/26\/enfriamiento-en-el-crecimiento-economico-del-ambito-de-sabadell-la-cuenca-del-ripoll-y-la-riera-de-caldes-crirc-en-los-primeros-seis-meses-de-2019\/","title":{"rendered":"Enfriamiento en el crecimiento econ\u00f3mico del \u00e1mbito de Sabadell, la Cuenca del Ripoll y la Riera de Caldes (CRiRC) en los primeros seis meses de 2019"},"content":{"rendered":"\n<p><strong>La econom\u00eda de la CRiRC y de Sabadell frena el ritmo de crecimiento durante el primer semestre del 2019<\/strong><\/p>\n\n\n\n<p>La evoluci\u00f3n que ha seguido la econom\u00eda mundial durante los \u00faltimos meses est\u00e1 teniendo impactos directos sobre la econom\u00eda del \u00e1mbito de Sabadell, la Cuenca del Ripoll y la Riera de Caldes (CRiRC). La inestabilidad causada por las incertidumbres en torno al comercio mundial (guerra comercial EEUU-China), los conflictos geopol\u00edticos (Golfo P\u00e9rsico), el Brexit y la pol\u00edtica monetaria han limitado las tasas de crecimiento de la econom\u00eda mundial. El \u00e1mbito del CRiRC no ha sido ajeno a estos procesos, iniciando una tendencia a la moderaci\u00f3n de los ritmos de crecimiento del empleo durante este inicio de 2019. La tasa de variaci\u00f3n interanual del empleo se sit\u00faa en el 2,5% durante el primer semestre, siguiendo la t\u00f3nica de progresiva desaceleraci\u00f3n de los dos \u00faltimos semestres. Si entre el 2\u00ba trimestre de 2017 y el 2\u00ba trimestre de 2018 se crearon 12.313 puestos de trabajo, entre el 2\u00ba trimestre de 2018 y el 2\u00ba trimestre de 2019 se han creado 4.154, la cifra m\u00e1s baja desde el inicio de la recuperaci\u00f3n econ\u00f3mica en 2014. Esta tendencia ha ido acompa\u00f1ada de importantes reducciones de la contrataci\u00f3n: del -8,2%.<\/p>\n\n\n\n<p><strong>El n\u00famero de afiliaciones a la Seguridad Social supera los valores pre-crisis en Catalu\u00f1a y el paro se sit\u00faa a niveles de 2008<\/strong><\/p>\n\n\n\n<p>Durante este primer semestre de 2019 Catalu\u00f1a registra un m\u00e1ximo hist\u00f3rico en la afiliaci\u00f3n, con 3.399.737 afiliaciones, un 1,1% m\u00e1s que el registrado el 2\u00ba trimestre de 2007, justo antes del inicio de la crisis. La CRiRC est\u00e1 a tan s\u00f3lo un 4,9% de alcanzar este m\u00e1ximo, restando la creaci\u00f3n de 10.879 puestos de trabajo, Sabadell se encuentra a tan s\u00f3lo el 3,9% y 2.884 lugares. Por otra parte, a pesar de la frenada en la reducci\u00f3n del paro que se viene registrando (que es del -3,8%), la cifra de 27.828 personas registradas en las oficinas de trabajo como demandantes de empleo se sit\u00faa a niveles de 2008 y representa una reducci\u00f3n de 22.927 personas respecto al 2013. A su vez, la tasa de paro registral baja del 10% en Catalu\u00f1a (9,7%), mientras en la CRiRC se aproxima (10,7 %). Esta tasa es tambi\u00e9n similar a las registradas en 2008.<\/p>\n\n\n\n<p><strong>Los Servicios, los principales creadores de empleo<\/strong><\/p>\n\n\n\n<p>A pesar de la moderaci\u00f3n generalizada, la variaci\u00f3n del 3,3% del primer semestre del a\u00f1o ha supuesto el incremento m\u00e1s importante del empleo en t\u00e9rminos absolutos con 4.154 nuevos puestos de trabajo, convirti\u00e9ndose en la principal aportaci\u00f3n al crecimiento del empleo del \u00e1mbito. Los 705 nuevos puestos de trabajo creados en las Actividades de transporte y almacenamiento, los 638 de las Actividades administrativas y de servicios auxiliares o los 570 del Comercio al por mayor han liderado el crecimiento del sector servicios, convirti\u00e9ndose en las actividades econ\u00f3micas m\u00e1s din\u00e1micas del \u00e1mbito del CRiRC. En t\u00e9rminos relativos, los crecimientos m\u00e1s elevados han sido el de las Administraciones P\u00fablicas (6,4%), el de la Hosteler\u00eda (6,5%) y el de las Actividades administrativas (7,5%).<\/p>\n\n\n\n<p><strong>A pesar de la moderaci\u00f3n, la Construcci\u00f3n sigue siendo el sector con mayores crecimientos<\/strong><\/p>\n\n\n\n<p>La Construcci\u00f3n ha reducido progresivamente su ritmo de crecimiento. El sector, que ha pasado de crecer al 8,0% durante el primer semestre de 2017, a crecer un 4,7% durante el primer semestre de 2019, es el sector que m\u00e1s crece en la CRiRC. Con 323 nuevos puestos de trabajo durante el 2\u00ba trimestre del a\u00f1o, el sector experimenta el incremento interanual del empleo m\u00e1s bajo desde la segunda mitad de 2014.<br><\/p>\n\n\n\n<p><strong>La Industria pierde puestos de trabajo por primera vez desde el 2014, influenciada por la evoluci\u00f3n negativa del sector del autom\u00f3vil<\/strong><br><\/p>\n\n\n\n<p>El sector industrial ha seguido tendencias diferenciadas en Catalu\u00f1a y en el \u00e1mbito del CRiRC. A pesar de la progresiva ralentizaci\u00f3n del crecimiento, en Catalu\u00f1a el sector ha mantenido el signo positivo con un aumento del 0,4% durante el segundo trimestre de 2019. Por el contrario, en el \u00e1mbito del CRiRC, la Industria destruye empleo por primera vez desde principios del 2014. el sector cae un -0,8% durante el segundo trimestre del a\u00f1o. La causa principal de este freno se debe a la contracci\u00f3n de la Fabricaci\u00f3n de materiales de transporte y la Metalurgia, que han sido las actividades industriales que m\u00e1s puestos de trabajo han destruido, con una p\u00e9rdida de 457 puestos de trabajo el primero (-9,4%) y de 252 (el -1,8%) el segundo. El importante retroceso del sector del autom\u00f3vil en buena parte se explica por la introducci\u00f3n de la nueva normativa sobre emisiones que comporta que los consumidores pospongan sus decisiones de compra, pero tambi\u00e9n por la guerra arancelaria entre EEUU y China. Con todo, hay que se\u00f1alar que buena parte del resto de actividades industriales siguen registrando crecimientos positivos. Es el caso de la Qu\u00edmica-farmac\u00e9utica-pl\u00e1sticos (3,0%), la Fabricaci\u00f3n de maquinaria y equipo mec\u00e1nico (2,3%), el Textil, confecci\u00f3n y cuero (1,5%) y Alimentaci\u00f3n y bebidas (0, 5%).<br><\/p>\n\n\n\n<p><strong>El sector inmobiliario sigue con precios al alza a pesar de la reducci\u00f3n en el n\u00famero de transacciones<\/strong><\/p>\n\n\n\n<p>El precio de la vivienda sigue en ascenso con un incremento del 11,4% interanual en la CRiRC durante el primer trimestre del a\u00f1o (el 10,4% en Sabadell). As\u00ed, el precio de la vivienda registrar\u00eda un incremento acumulado del 37,1% desde 2014, momento en que se inicia esta operaci\u00f3n estad\u00edstica. A su vez el precio de la vivienda de alquiler, aunque a menor ritmo, mantiene el incremento similar del \u00faltimo trimestre de 2018, con un aumento del 4,7% (el 3,5% en Sabadell). El crecimiento acumulado es del 30,4%. Por el contrario, las transacciones se han reducido en un 5,6%.<\/p>\n\n\n\n<p><strong>El informe tambi\u00e9n analiza la opini\u00f3n del empresariado de la CRiRC en relaci\u00f3n a la marcha de los negocios y las expectativas de futuro<\/strong><\/p>\n\n\n\n<p>Aparte de la evoluci\u00f3n de estos indicadores de la econom\u00eda, en el informe se pueden consultar los resultados de la Encuesta de clima empresarial &#8211; tarea realizada por la Secretar\u00eda T\u00e9cnica del CIESC- que aporta luz sobre la marcha de los negocios, las perspectivas de cara a los pr\u00f3ximos trimestres, la evoluci\u00f3n y expectativas de exportaci\u00f3n, as\u00ed como de la capacidad productiva de una muestra representativa de empresas de la CRiRC.<\/p>\n\n\n\n<p>El informe es el resultado de la colaboraci\u00f3n entre Act\u00edva Prospect y la Secretar\u00eda T\u00e9cnica del CIESC y cuenta con el apoyo y la promoci\u00f3n del Observatorio de Econom\u00eda local de Sabadell, el Ayuntamiento de Sabadell, el Banco Sabadell, la C\u00e1mara de Comercio de Sabadell, el Centro Metal\u00fargico, el Gremio de Fabricantes de Sabadell y el CIESC.<\/p>\n\n\n\n<p>Para leer el informe completo haga clic en el siguiente enlace: <a href=\"http:\/\/www.ciesc.com\/conjuntures.asp\">http:\/\/www.ciesc.com\/conjuntures.asp<\/a> <\/p>\n","protected":false},"excerpt":{"rendered":"<p>La econom\u00eda de la CRiRC y de Sabadell frena el ritmo de crecimiento durante el primer semestre del 2019 La evoluci\u00f3n que ha seguido la econom\u00eda mundial durante los \u00faltimos meses est\u00e1 teniendo impactos directos sobre la econom\u00eda del \u00e1mbito de Sabadell, la Cuenca del Ripoll y la Riera de Caldes (CRiRC). La inestabilidad causada&hellip;<\/p>\n","protected":false},"author":2,"featured_media":1639,"comment_status":"open","ping_status":"closed","sticky":false,"template":"","format":"standard","meta":{"footnotes":""},"categories":[142],"tags":[],"serveis":[52,262],"post_series":[],"class_list":["post-1632","post","type-post","status-publish","format-standard","has-post-thumbnail","hentry","category-desarrollo-local","serveis-diagnostico","serveis-difusio-socioeconomica-es","entry","has-media"],"yoast_head":"<!-- This site is optimized with the Yoast SEO plugin v26.8 - https:\/\/yoast.com\/product\/yoast-seo-wordpress\/ -->\n<title>Enfriamiento en el crecimiento econ\u00f3mico del \u00e1mbito de Sabadell, la Cuenca del Ripoll y la Riera de Caldes (CRiRC) en los primeros seis meses de 2019 - Act\u00edva Prospect<\/title>\n<meta name=\"description\" content=\"Noticias de Activa Prospect: Enfriamiento en el crecimiento econ\u00f3mico del \u00e1mbito de Sabadell, la Cuenca del Ripoll y la Riera de Caldes (CRiRC) en los primeros seis meses de 2019.\" \/>\n<meta name=\"robots\" content=\"index, follow, max-snippet:-1, max-image-preview:large, max-video-preview:-1\" \/>\n<link rel=\"canonical\" href=\"https:\/\/activaprospect.cat\/es\/2019\/09\/26\/enfriamiento-en-el-crecimiento-economico-del-ambito-de-sabadell-la-cuenca-del-ripoll-y-la-riera-de-caldes-crirc-en-los-primeros-seis-meses-de-2019\/\" \/>\n<meta property=\"og:locale\" content=\"es_ES\" \/>\n<meta property=\"og:type\" content=\"article\" \/>\n<meta property=\"og:title\" content=\"Enfriamiento en el crecimiento econ\u00f3mico del \u00e1mbito de Sabadell, la Cuenca del Ripoll y la Riera de Caldes (CRiRC) en los primeros seis meses de 2019 - Act\u00edva Prospect\" \/>\n<meta property=\"og:description\" content=\"Noticias de Activa Prospect: Enfriamiento en el crecimiento econ\u00f3mico del \u00e1mbito de Sabadell, la Cuenca del Ripoll y la Riera de Caldes (CRiRC) en los primeros seis meses de 2019.\" \/>\n<meta property=\"og:url\" content=\"https:\/\/activaprospect.cat\/es\/2019\/09\/26\/enfriamiento-en-el-crecimiento-economico-del-ambito-de-sabadell-la-cuenca-del-ripoll-y-la-riera-de-caldes-crirc-en-los-primeros-seis-meses-de-2019\/\" \/>\n<meta property=\"og:site_name\" content=\"Act\u00edva Prospect\" \/>\n<meta property=\"article:published_time\" content=\"2019-09-26T14:26:52+00:00\" \/>\n<meta property=\"article:modified_time\" content=\"2019-09-26T14:26:54+00:00\" \/>\n<meta property=\"og:image\" content=\"https:\/\/activaprospect.cat\/wp-content\/uploads\/2019\/09\/Foto-presentaci\u00f3.jpg\" \/>\n\t<meta property=\"og:image:width\" content=\"867\" \/>\n\t<meta property=\"og:image:height\" content=\"578\" \/>\n\t<meta property=\"og:image:type\" content=\"image\/jpeg\" \/>\n<meta name=\"author\" content=\"Activaprospect\" \/>\n<meta name=\"twitter:card\" content=\"summary_large_image\" \/>\n<meta name=\"twitter:creator\" content=\"@activaprospect\" \/>\n<meta name=\"twitter:site\" content=\"@activaprospect\" \/>\n<meta name=\"twitter:label1\" content=\"Escrito por\" \/>\n\t<meta name=\"twitter:data1\" content=\"Activaprospect\" \/>\n\t<meta name=\"twitter:label2\" content=\"Tiempo de lectura\" \/>\n\t<meta name=\"twitter:data2\" content=\"6 minutos\" \/>\n<script type=\"application\/ld+json\" class=\"yoast-schema-graph\">{\"@context\":\"https:\/\/schema.org\",\"@graph\":[{\"@type\":\"Article\",\"@id\":\"https:\/\/activaprospect.cat\/es\/2019\/09\/26\/enfriamiento-en-el-crecimiento-economico-del-ambito-de-sabadell-la-cuenca-del-ripoll-y-la-riera-de-caldes-crirc-en-los-primeros-seis-meses-de-2019\/#article\",\"isPartOf\":{\"@id\":\"https:\/\/activaprospect.cat\/es\/2019\/09\/26\/enfriamiento-en-el-crecimiento-economico-del-ambito-de-sabadell-la-cuenca-del-ripoll-y-la-riera-de-caldes-crirc-en-los-primeros-seis-meses-de-2019\/\"},\"author\":{\"name\":\"Activaprospect\",\"@id\":\"https:\/\/activaprospect.cat\/es\/#\/schema\/person\/6d0b94bc026be54d389f6e2c8b29c734\"},\"headline\":\"Enfriamiento en el crecimiento econ\u00f3mico del \u00e1mbito de Sabadell, la Cuenca del Ripoll y la Riera de Caldes (CRiRC) en los primeros seis meses de 2019\",\"datePublished\":\"2019-09-26T14:26:52+00:00\",\"dateModified\":\"2019-09-26T14:26:54+00:00\",\"mainEntityOfPage\":{\"@id\":\"https:\/\/activaprospect.cat\/es\/2019\/09\/26\/enfriamiento-en-el-crecimiento-economico-del-ambito-de-sabadell-la-cuenca-del-ripoll-y-la-riera-de-caldes-crirc-en-los-primeros-seis-meses-de-2019\/\"},\"wordCount\":1164,\"commentCount\":0,\"publisher\":{\"@id\":\"https:\/\/activaprospect.cat\/es\/#organization\"},\"image\":{\"@id\":\"https:\/\/activaprospect.cat\/es\/2019\/09\/26\/enfriamiento-en-el-crecimiento-economico-del-ambito-de-sabadell-la-cuenca-del-ripoll-y-la-riera-de-caldes-crirc-en-los-primeros-seis-meses-de-2019\/#primaryimage\"},\"thumbnailUrl\":\"https:\/\/activaprospect.cat\/wp-content\/uploads\/2019\/09\/Foto-presentaci\u00f3.jpg\",\"articleSection\":[\"Desarrollo local\"],\"inLanguage\":\"es\",\"potentialAction\":[{\"@type\":\"CommentAction\",\"name\":\"Comment\",\"target\":[\"https:\/\/activaprospect.cat\/es\/2019\/09\/26\/enfriamiento-en-el-crecimiento-economico-del-ambito-de-sabadell-la-cuenca-del-ripoll-y-la-riera-de-caldes-crirc-en-los-primeros-seis-meses-de-2019\/#respond\"]}]},{\"@type\":\"WebPage\",\"@id\":\"https:\/\/activaprospect.cat\/es\/2019\/09\/26\/enfriamiento-en-el-crecimiento-economico-del-ambito-de-sabadell-la-cuenca-del-ripoll-y-la-riera-de-caldes-crirc-en-los-primeros-seis-meses-de-2019\/\",\"url\":\"https:\/\/activaprospect.cat\/es\/2019\/09\/26\/enfriamiento-en-el-crecimiento-economico-del-ambito-de-sabadell-la-cuenca-del-ripoll-y-la-riera-de-caldes-crirc-en-los-primeros-seis-meses-de-2019\/\",\"name\":\"Enfriamiento en el crecimiento econ\u00f3mico del \u00e1mbito de Sabadell, la Cuenca del Ripoll y la Riera de Caldes (CRiRC) en los primeros seis meses de 2019 - Act\u00edva Prospect\",\"isPartOf\":{\"@id\":\"https:\/\/activaprospect.cat\/es\/#website\"},\"primaryImageOfPage\":{\"@id\":\"https:\/\/activaprospect.cat\/es\/2019\/09\/26\/enfriamiento-en-el-crecimiento-economico-del-ambito-de-sabadell-la-cuenca-del-ripoll-y-la-riera-de-caldes-crirc-en-los-primeros-seis-meses-de-2019\/#primaryimage\"},\"image\":{\"@id\":\"https:\/\/activaprospect.cat\/es\/2019\/09\/26\/enfriamiento-en-el-crecimiento-economico-del-ambito-de-sabadell-la-cuenca-del-ripoll-y-la-riera-de-caldes-crirc-en-los-primeros-seis-meses-de-2019\/#primaryimage\"},\"thumbnailUrl\":\"https:\/\/activaprospect.cat\/wp-content\/uploads\/2019\/09\/Foto-presentaci\u00f3.jpg\",\"datePublished\":\"2019-09-26T14:26:52+00:00\",\"dateModified\":\"2019-09-26T14:26:54+00:00\",\"description\":\"Noticias de Activa Prospect: Enfriamiento en el crecimiento econ\u00f3mico del \u00e1mbito de Sabadell, la Cuenca del Ripoll y la Riera de Caldes (CRiRC) en los primeros seis meses de 2019.\",\"breadcrumb\":{\"@id\":\"https:\/\/activaprospect.cat\/es\/2019\/09\/26\/enfriamiento-en-el-crecimiento-economico-del-ambito-de-sabadell-la-cuenca-del-ripoll-y-la-riera-de-caldes-crirc-en-los-primeros-seis-meses-de-2019\/#breadcrumb\"},\"inLanguage\":\"es\",\"potentialAction\":[{\"@type\":\"ReadAction\",\"target\":[\"https:\/\/activaprospect.cat\/es\/2019\/09\/26\/enfriamiento-en-el-crecimiento-economico-del-ambito-de-sabadell-la-cuenca-del-ripoll-y-la-riera-de-caldes-crirc-en-los-primeros-seis-meses-de-2019\/\"]}]},{\"@type\":\"ImageObject\",\"inLanguage\":\"es\",\"@id\":\"https:\/\/activaprospect.cat\/es\/2019\/09\/26\/enfriamiento-en-el-crecimiento-economico-del-ambito-de-sabadell-la-cuenca-del-ripoll-y-la-riera-de-caldes-crirc-en-los-primeros-seis-meses-de-2019\/#primaryimage\",\"url\":\"https:\/\/activaprospect.cat\/wp-content\/uploads\/2019\/09\/Foto-presentaci\u00f3.jpg\",\"contentUrl\":\"https:\/\/activaprospect.cat\/wp-content\/uploads\/2019\/09\/Foto-presentaci\u00f3.jpg\",\"width\":867,\"height\":578},{\"@type\":\"BreadcrumbList\",\"@id\":\"https:\/\/activaprospect.cat\/es\/2019\/09\/26\/enfriamiento-en-el-crecimiento-economico-del-ambito-de-sabadell-la-cuenca-del-ripoll-y-la-riera-de-caldes-crirc-en-los-primeros-seis-meses-de-2019\/#breadcrumb\",\"itemListElement\":[{\"@type\":\"ListItem\",\"position\":1,\"name\":\"Inici\",\"item\":\"https:\/\/activaprospect.cat\/es\/\"},{\"@type\":\"ListItem\",\"position\":2,\"name\":\"Enfriamiento en el crecimiento econ\u00f3mico del \u00e1mbito de Sabadell, la Cuenca del Ripoll y la Riera de Caldes (CRiRC) en los primeros seis meses de 2019\"}]},{\"@type\":\"WebSite\",\"@id\":\"https:\/\/activaprospect.cat\/es\/#website\",\"url\":\"https:\/\/activaprospect.cat\/es\/\",\"name\":\"Act\u00edva Prospect\",\"description\":\"Serveis de recerca, consultoria i assist&egrave;ncia t&egrave;cnica per la implementaci&oacute; de pol&iacute;tiques i projectes en l&#039;&agrave;mbit econ&ograve;mic i social\",\"publisher\":{\"@id\":\"https:\/\/activaprospect.cat\/es\/#organization\"},\"potentialAction\":[{\"@type\":\"SearchAction\",\"target\":{\"@type\":\"EntryPoint\",\"urlTemplate\":\"https:\/\/activaprospect.cat\/es\/?s={search_term_string}\"},\"query-input\":{\"@type\":\"PropertyValueSpecification\",\"valueRequired\":true,\"valueName\":\"search_term_string\"}}],\"inLanguage\":\"es\"},{\"@type\":\"Organization\",\"@id\":\"https:\/\/activaprospect.cat\/es\/#organization\",\"name\":\"ACT\u00cdVA PROSPECT Research & Solutions, S.L.\",\"url\":\"https:\/\/activaprospect.cat\/es\/\",\"logo\":{\"@type\":\"ImageObject\",\"inLanguage\":\"es\",\"@id\":\"https:\/\/activaprospect.cat\/es\/#\/schema\/logo\/image\/\",\"url\":\"https:\/\/activaprospect.cat\/wp-content\/uploads\/2018\/01\/logo-activa.png\",\"contentUrl\":\"https:\/\/activaprospect.cat\/wp-content\/uploads\/2018\/01\/logo-activa.png\",\"width\":365,\"height\":130,\"caption\":\"ACT\u00cdVA PROSPECT Research & Solutions, S.L.\"},\"image\":{\"@id\":\"https:\/\/activaprospect.cat\/es\/#\/schema\/logo\/image\/\"},\"sameAs\":[\"https:\/\/x.com\/activaprospect\",\"https:\/\/www.linkedin.com\/company\/activa-prospect\"]},{\"@type\":\"Person\",\"@id\":\"https:\/\/activaprospect.cat\/es\/#\/schema\/person\/6d0b94bc026be54d389f6e2c8b29c734\",\"name\":\"Activaprospect\",\"image\":{\"@type\":\"ImageObject\",\"inLanguage\":\"es\",\"@id\":\"https:\/\/activaprospect.cat\/es\/#\/schema\/person\/image\/\",\"url\":\"https:\/\/secure.gravatar.com\/avatar\/fcb321e95a052e2a22e9a6db968f9581b435a4e2c56d94a7b433b52695643a80?s=96&d=mm&r=g\",\"contentUrl\":\"https:\/\/secure.gravatar.com\/avatar\/fcb321e95a052e2a22e9a6db968f9581b435a4e2c56d94a7b433b52695643a80?s=96&d=mm&r=g\",\"caption\":\"Activaprospect\"},\"url\":\"https:\/\/activaprospect.cat\/es\/author\/activaprospect\/\"}]}<\/script>\n<!-- \/ Yoast SEO plugin. -->","yoast_head_json":{"title":"Enfriamiento en el crecimiento econ\u00f3mico del \u00e1mbito de Sabadell, la Cuenca del Ripoll y la Riera de Caldes (CRiRC) en los primeros seis meses de 2019 - Act\u00edva Prospect","description":"Noticias de Activa Prospect: Enfriamiento en el crecimiento econ\u00f3mico del \u00e1mbito de Sabadell, la Cuenca del Ripoll y la Riera de Caldes (CRiRC) en los primeros seis meses de 2019.","robots":{"index":"index","follow":"follow","max-snippet":"max-snippet:-1","max-image-preview":"max-image-preview:large","max-video-preview":"max-video-preview:-1"},"canonical":"https:\/\/activaprospect.cat\/es\/2019\/09\/26\/enfriamiento-en-el-crecimiento-economico-del-ambito-de-sabadell-la-cuenca-del-ripoll-y-la-riera-de-caldes-crirc-en-los-primeros-seis-meses-de-2019\/","og_locale":"es_ES","og_type":"article","og_title":"Enfriamiento en el crecimiento econ\u00f3mico del \u00e1mbito de Sabadell, la Cuenca del Ripoll y la Riera de Caldes (CRiRC) en los primeros seis meses de 2019 - Act\u00edva Prospect","og_description":"Noticias de Activa Prospect: Enfriamiento en el crecimiento econ\u00f3mico del \u00e1mbito de Sabadell, la Cuenca del Ripoll y la Riera de Caldes (CRiRC) en los primeros seis meses de 2019.","og_url":"https:\/\/activaprospect.cat\/es\/2019\/09\/26\/enfriamiento-en-el-crecimiento-economico-del-ambito-de-sabadell-la-cuenca-del-ripoll-y-la-riera-de-caldes-crirc-en-los-primeros-seis-meses-de-2019\/","og_site_name":"Act\u00edva Prospect","article_published_time":"2019-09-26T14:26:52+00:00","article_modified_time":"2019-09-26T14:26:54+00:00","og_image":[{"width":867,"height":578,"url":"https:\/\/activaprospect.cat\/wp-content\/uploads\/2019\/09\/Foto-presentaci\u00f3.jpg","type":"image\/jpeg"}],"author":"Activaprospect","twitter_card":"summary_large_image","twitter_creator":"@activaprospect","twitter_site":"@activaprospect","twitter_misc":{"Escrito por":"Activaprospect","Tiempo de lectura":"6 minutos"},"schema":{"@context":"https:\/\/schema.org","@graph":[{"@type":"Article","@id":"https:\/\/activaprospect.cat\/es\/2019\/09\/26\/enfriamiento-en-el-crecimiento-economico-del-ambito-de-sabadell-la-cuenca-del-ripoll-y-la-riera-de-caldes-crirc-en-los-primeros-seis-meses-de-2019\/#article","isPartOf":{"@id":"https:\/\/activaprospect.cat\/es\/2019\/09\/26\/enfriamiento-en-el-crecimiento-economico-del-ambito-de-sabadell-la-cuenca-del-ripoll-y-la-riera-de-caldes-crirc-en-los-primeros-seis-meses-de-2019\/"},"author":{"name":"Activaprospect","@id":"https:\/\/activaprospect.cat\/es\/#\/schema\/person\/6d0b94bc026be54d389f6e2c8b29c734"},"headline":"Enfriamiento en el crecimiento econ\u00f3mico del \u00e1mbito de Sabadell, la Cuenca del Ripoll y la Riera de Caldes (CRiRC) en los primeros seis meses de 2019","datePublished":"2019-09-26T14:26:52+00:00","dateModified":"2019-09-26T14:26:54+00:00","mainEntityOfPage":{"@id":"https:\/\/activaprospect.cat\/es\/2019\/09\/26\/enfriamiento-en-el-crecimiento-economico-del-ambito-de-sabadell-la-cuenca-del-ripoll-y-la-riera-de-caldes-crirc-en-los-primeros-seis-meses-de-2019\/"},"wordCount":1164,"commentCount":0,"publisher":{"@id":"https:\/\/activaprospect.cat\/es\/#organization"},"image":{"@id":"https:\/\/activaprospect.cat\/es\/2019\/09\/26\/enfriamiento-en-el-crecimiento-economico-del-ambito-de-sabadell-la-cuenca-del-ripoll-y-la-riera-de-caldes-crirc-en-los-primeros-seis-meses-de-2019\/#primaryimage"},"thumbnailUrl":"https:\/\/activaprospect.cat\/wp-content\/uploads\/2019\/09\/Foto-presentaci\u00f3.jpg","articleSection":["Desarrollo local"],"inLanguage":"es","potentialAction":[{"@type":"CommentAction","name":"Comment","target":["https:\/\/activaprospect.cat\/es\/2019\/09\/26\/enfriamiento-en-el-crecimiento-economico-del-ambito-de-sabadell-la-cuenca-del-ripoll-y-la-riera-de-caldes-crirc-en-los-primeros-seis-meses-de-2019\/#respond"]}]},{"@type":"WebPage","@id":"https:\/\/activaprospect.cat\/es\/2019\/09\/26\/enfriamiento-en-el-crecimiento-economico-del-ambito-de-sabadell-la-cuenca-del-ripoll-y-la-riera-de-caldes-crirc-en-los-primeros-seis-meses-de-2019\/","url":"https:\/\/activaprospect.cat\/es\/2019\/09\/26\/enfriamiento-en-el-crecimiento-economico-del-ambito-de-sabadell-la-cuenca-del-ripoll-y-la-riera-de-caldes-crirc-en-los-primeros-seis-meses-de-2019\/","name":"Enfriamiento en el crecimiento econ\u00f3mico del \u00e1mbito de Sabadell, la Cuenca del Ripoll y la Riera de Caldes (CRiRC) en los primeros seis meses de 2019 - Act\u00edva Prospect","isPartOf":{"@id":"https:\/\/activaprospect.cat\/es\/#website"},"primaryImageOfPage":{"@id":"https:\/\/activaprospect.cat\/es\/2019\/09\/26\/enfriamiento-en-el-crecimiento-economico-del-ambito-de-sabadell-la-cuenca-del-ripoll-y-la-riera-de-caldes-crirc-en-los-primeros-seis-meses-de-2019\/#primaryimage"},"image":{"@id":"https:\/\/activaprospect.cat\/es\/2019\/09\/26\/enfriamiento-en-el-crecimiento-economico-del-ambito-de-sabadell-la-cuenca-del-ripoll-y-la-riera-de-caldes-crirc-en-los-primeros-seis-meses-de-2019\/#primaryimage"},"thumbnailUrl":"https:\/\/activaprospect.cat\/wp-content\/uploads\/2019\/09\/Foto-presentaci\u00f3.jpg","datePublished":"2019-09-26T14:26:52+00:00","dateModified":"2019-09-26T14:26:54+00:00","description":"Noticias de Activa Prospect: Enfriamiento en el crecimiento econ\u00f3mico del \u00e1mbito de Sabadell, la Cuenca del Ripoll y la Riera de Caldes (CRiRC) en los primeros seis meses de 2019.","breadcrumb":{"@id":"https:\/\/activaprospect.cat\/es\/2019\/09\/26\/enfriamiento-en-el-crecimiento-economico-del-ambito-de-sabadell-la-cuenca-del-ripoll-y-la-riera-de-caldes-crirc-en-los-primeros-seis-meses-de-2019\/#breadcrumb"},"inLanguage":"es","potentialAction":[{"@type":"ReadAction","target":["https:\/\/activaprospect.cat\/es\/2019\/09\/26\/enfriamiento-en-el-crecimiento-economico-del-ambito-de-sabadell-la-cuenca-del-ripoll-y-la-riera-de-caldes-crirc-en-los-primeros-seis-meses-de-2019\/"]}]},{"@type":"ImageObject","inLanguage":"es","@id":"https:\/\/activaprospect.cat\/es\/2019\/09\/26\/enfriamiento-en-el-crecimiento-economico-del-ambito-de-sabadell-la-cuenca-del-ripoll-y-la-riera-de-caldes-crirc-en-los-primeros-seis-meses-de-2019\/#primaryimage","url":"https:\/\/activaprospect.cat\/wp-content\/uploads\/2019\/09\/Foto-presentaci\u00f3.jpg","contentUrl":"https:\/\/activaprospect.cat\/wp-content\/uploads\/2019\/09\/Foto-presentaci\u00f3.jpg","width":867,"height":578},{"@type":"BreadcrumbList","@id":"https:\/\/activaprospect.cat\/es\/2019\/09\/26\/enfriamiento-en-el-crecimiento-economico-del-ambito-de-sabadell-la-cuenca-del-ripoll-y-la-riera-de-caldes-crirc-en-los-primeros-seis-meses-de-2019\/#breadcrumb","itemListElement":[{"@type":"ListItem","position":1,"name":"Inici","item":"https:\/\/activaprospect.cat\/es\/"},{"@type":"ListItem","position":2,"name":"Enfriamiento en el crecimiento econ\u00f3mico del \u00e1mbito de Sabadell, la Cuenca del Ripoll y la Riera de Caldes (CRiRC) en los primeros seis meses de 2019"}]},{"@type":"WebSite","@id":"https:\/\/activaprospect.cat\/es\/#website","url":"https:\/\/activaprospect.cat\/es\/","name":"Act\u00edva Prospect","description":"Serveis de recerca, consultoria i assist&egrave;ncia t&egrave;cnica per la implementaci&oacute; de pol&iacute;tiques i projectes en l&#039;&agrave;mbit econ&ograve;mic i social","publisher":{"@id":"https:\/\/activaprospect.cat\/es\/#organization"},"potentialAction":[{"@type":"SearchAction","target":{"@type":"EntryPoint","urlTemplate":"https:\/\/activaprospect.cat\/es\/?s={search_term_string}"},"query-input":{"@type":"PropertyValueSpecification","valueRequired":true,"valueName":"search_term_string"}}],"inLanguage":"es"},{"@type":"Organization","@id":"https:\/\/activaprospect.cat\/es\/#organization","name":"ACT\u00cdVA PROSPECT Research & Solutions, S.L.","url":"https:\/\/activaprospect.cat\/es\/","logo":{"@type":"ImageObject","inLanguage":"es","@id":"https:\/\/activaprospect.cat\/es\/#\/schema\/logo\/image\/","url":"https:\/\/activaprospect.cat\/wp-content\/uploads\/2018\/01\/logo-activa.png","contentUrl":"https:\/\/activaprospect.cat\/wp-content\/uploads\/2018\/01\/logo-activa.png","width":365,"height":130,"caption":"ACT\u00cdVA PROSPECT Research & Solutions, S.L."},"image":{"@id":"https:\/\/activaprospect.cat\/es\/#\/schema\/logo\/image\/"},"sameAs":["https:\/\/x.com\/activaprospect","https:\/\/www.linkedin.com\/company\/activa-prospect"]},{"@type":"Person","@id":"https:\/\/activaprospect.cat\/es\/#\/schema\/person\/6d0b94bc026be54d389f6e2c8b29c734","name":"Activaprospect","image":{"@type":"ImageObject","inLanguage":"es","@id":"https:\/\/activaprospect.cat\/es\/#\/schema\/person\/image\/","url":"https:\/\/secure.gravatar.com\/avatar\/fcb321e95a052e2a22e9a6db968f9581b435a4e2c56d94a7b433b52695643a80?s=96&d=mm&r=g","contentUrl":"https:\/\/secure.gravatar.com\/avatar\/fcb321e95a052e2a22e9a6db968f9581b435a4e2c56d94a7b433b52695643a80?s=96&d=mm&r=g","caption":"Activaprospect"},"url":"https:\/\/activaprospect.cat\/es\/author\/activaprospect\/"}]}},"_links":{"self":[{"href":"https:\/\/activaprospect.cat\/es\/wp-json\/wp\/v2\/posts\/1632","targetHints":{"allow":["GET"]}}],"collection":[{"href":"https:\/\/activaprospect.cat\/es\/wp-json\/wp\/v2\/posts"}],"about":[{"href":"https:\/\/activaprospect.cat\/es\/wp-json\/wp\/v2\/types\/post"}],"author":[{"embeddable":true,"href":"https:\/\/activaprospect.cat\/es\/wp-json\/wp\/v2\/users\/2"}],"replies":[{"embeddable":true,"href":"https:\/\/activaprospect.cat\/es\/wp-json\/wp\/v2\/comments?post=1632"}],"version-history":[{"count":0,"href":"https:\/\/activaprospect.cat\/es\/wp-json\/wp\/v2\/posts\/1632\/revisions"}],"wp:featuredmedia":[{"embeddable":true,"href":"https:\/\/activaprospect.cat\/es\/wp-json\/wp\/v2\/media\/1639"}],"wp:attachment":[{"href":"https:\/\/activaprospect.cat\/es\/wp-json\/wp\/v2\/media?parent=1632"}],"wp:term":[{"taxonomy":"category","embeddable":true,"href":"https:\/\/activaprospect.cat\/es\/wp-json\/wp\/v2\/categories?post=1632"},{"taxonomy":"post_tag","embeddable":true,"href":"https:\/\/activaprospect.cat\/es\/wp-json\/wp\/v2\/tags?post=1632"},{"taxonomy":"serveis","embeddable":true,"href":"https:\/\/activaprospect.cat\/es\/wp-json\/wp\/v2\/serveis?post=1632"},{"taxonomy":"post_series","embeddable":true,"href":"https:\/\/activaprospect.cat\/es\/wp-json\/wp\/v2\/post_series?post=1632"}],"curies":[{"name":"wp","href":"https:\/\/api.w.org\/{rel}","templated":true}]}}