{"id":2070,"date":"2020-04-16T13:27:58","date_gmt":"2020-04-16T13:27:58","guid":{"rendered":"https:\/\/activaprospect.cat\/2020\/04\/16\/limpacte-economic-del-covid-19-es-concentra-a-les-comarques-pirinenques-i-litorals\/"},"modified":"2020-04-20T08:44:18","modified_gmt":"2020-04-20T08:44:18","slug":"limpacte-economic-del-covid-19-es-concentra-a-les-comarques-pirinenques-i-litorals","status":"publish","type":"post","link":"https:\/\/activaprospect.cat\/es\/2020\/04\/16\/limpacte-economic-del-covid-19-es-concentra-a-les-comarques-pirinenques-i-litorals\/","title":{"rendered":"El impacto econ\u00f3mico del Covid-19 se concentra en las comarcas pirenaicas y litorales"},"content":{"rendered":"\n<p>La p\u00e9rdida de m\u00e1s de 100.000 puestos de trabajo que ha tenido lugar en Catalu\u00f1a a ra\u00edz de la crisis del coronavirus no se ha distribuido de manera homog\u00e9nea por el conjunto del territorio. La estructura productiva de municipios y comarcas est\u00e1 teniendo un papel central en la afectaci\u00f3n econ\u00f3mica de esta pandemia. En este sentido, <a href=\"http:\/\/www.seg-social.es\/wps\/portal\/wss\/internet\/EstadisticasPresupuestosEstudios\/Estadisticas\/EST8\/EST10\/EST305\/1836\">los datos publicados por el Ministerio<\/a> muestran c\u00f3mo han sido los sectores de la Hosteler\u00eda (-14,6%), la Construcci\u00f3n (10,5%) y las Actividades administrativas (-9,6%) los que han sufrido mayores p\u00e9rdidas de empleo, sumando una reducci\u00f3n total de 69.892 puestos de trabajo asalariado. <\/p>\n\n\n\n<p>Es evidente, pues, que ser\u00e1n aquellos municipios y comarcas m\u00e1s orientados hacia estos sectores los que sufran las peores consecuencias econ\u00f3micas del virus. Como muestran los siguientes mapas, han sido los municipios del Pirineo de Lleida aquellos que han sufrido de manera m\u00e1s acusada la p\u00e9rdida de puestos de trabajo asalariado, con especial incidencia en las comarcas de la Vall d&#8217;Aran (-46,2%), el Pallars Sobir\u00e0 (-27,3%), la Alta Ribagor\u00e7a (-22,1%) y la Cerdanya (-19,9%). Asimismo, las comarcas litorales han sido las otras grandes afectadas por el fen\u00f3meno v\u00edrico, con reducciones interanuales que fluct\u00faan entre el -11,6% y el -5,3% en comarcas como el Tarragon\u00e8s, el Garraf, la Selva o el Baix Empord\u00e0. <\/p>\n\n\n<p><iframe src=\"https:\/\/flo.uri.sh\/visualisation\/1932398\/embed\" scrolling=\"no\" style=\"width:100%;height:600px;\" frameborder=\"0\"><\/iframe><\/p>\n<div style=\"width:100%!;margin-top:4px!important;text-align:right!important;\"><a class=\"flourish-credit\" href=\"https:\/\/public.flourish.studio\/visualisation\/1932398\/?utm_source=embed&amp;utm_campaign=visualisation\/1932398\" target=\"_top\" style=\"text-decoration:none!important\" rel=\"noopener noreferrer\"><img decoding=\"async\" alt=\"Made with Flourish\" src=\"https:\/\/public.flourish.studio\/resources\/made_with_flourish.svg\" style=\"width:105px!important;height:16px!important;border:none!important;margin:0!important;\"> <\/a><\/div>\n<p><iframe src=\"https:\/\/flo.uri.sh\/visualisation\/1822517\/embed\" scrolling=\"no\" style=\"width:100%;height:600px;\" frameborder=\"0\"><\/iframe><\/p>\n<div style=\"width:100%!;margin-top:4px!important;text-align:right!important;\"><a class=\"flourish-credit\" href=\"https:\/\/public.flourish.studio\/visualisation\/1822517\/?utm_source=embed&amp;utm_campaign=visualisation\/1822517\" target=\"_top\" style=\"text-decoration:none!important\" rel=\"noopener noreferrer\"><img decoding=\"async\" alt=\"Made with Flourish\" src=\"https:\/\/public.flourish.studio\/resources\/made_with_flourish.svg\" style=\"width:105px!important;height:16px!important;border:none!important;margin:0!important;\"> <\/a><\/div>\n\n\n<p>El trabajo aut\u00f3nomo, en cambio, ha seguido una din\u00e1mica muy diferente ya que las principales p\u00e9rdidas de empleo se han dado en la industria manufacturera (-10,4%) y en el Comercio (-2,7%), con una disminuci\u00f3n de 7.729 puestos de trabajo por cuenta propia, mientras que otros sectores como las Actividades sanitarias, el Transporte y las Actividades profesionales, cient\u00edficas y t\u00e9cnicas han crecido significativamente. Sin embargo, dado que en un primer momento el trabajo asalariado se tiende a destuir con m\u00e1s facilidad, es previsible que la reducci\u00f3n del trabajo aut\u00f3nomo se deje notar con m\u00e1s fuerza en los pr\u00f3ximos meses. <\/p>\n\n\n<p><iframe src=\"https:\/\/flo.uri.sh\/visualisation\/1942133\/embed\" scrolling=\"no\" style=\"width:100%;height:600px;\" frameborder=\"0\"><\/iframe><\/p>\n<div style=\"width:100%!;margin-top:4px!important;text-align:right!important;\"><a class=\"flourish-credit\" href=\"https:\/\/public.flourish.studio\/visualisation\/1942133\/?utm_source=embed&amp;utm_campaign=visualisation\/1942133\" target=\"_top\" style=\"text-decoration:none!important\" rel=\"noopener noreferrer\"><img decoding=\"async\" alt=\"Made with Flourish\" src=\"https:\/\/public.flourish.studio\/resources\/made_with_flourish.svg\" style=\"width:105px!important;height:16px!important;border:none!important;margin:0!important;\"> <\/a><\/div>\n<p><iframe src=\"https:\/\/flo.uri.sh\/visualisation\/1931536\/embed\" scrolling=\"no\" style=\"width:100%;height:600px;\" frameborder=\"0\"><\/iframe><\/p>\n<div style=\"width:100%!;margin-top:4px!important;text-align:right!important;\"><a class=\"flourish-credit\" href=\"https:\/\/public.flourish.studio\/visualisation\/1931536\/?utm_source=embed&amp;utm_campaign=visualisation\/1931536\" target=\"_top\" style=\"text-decoration:none!important\" rel=\"noopener noreferrer\"><img decoding=\"async\" alt=\"Made with Flourish\" src=\"https:\/\/public.flourish.studio\/resources\/made_with_flourish.svg\" style=\"width:105px!important;height:16px!important;border:none!important;margin:0!important;\"> <\/a><\/div>\n<p><iframe src=\"https:\/\/flo.uri.sh\/visualisation\/1971713\/embed\" scrolling=\"no\" style=\"width:100%;height:600px;\" frameborder=\"0\"><\/iframe><\/p>\n<div style=\"width:100%!;margin-top:4px!important;text-align:right!important;\"><a class=\"flourish-credit\" href=\"https:\/\/public.flourish.studio\/visualisation\/1971713\/?utm_source=embed&amp;utm_campaign=visualisation\/1971713\" target=\"_top\" style=\"text-decoration:none!important\" rel=\"noopener noreferrer\"><img decoding=\"async\" alt=\"Made with Flourish\" src=\"https:\/\/public.flourish.studio\/resources\/made_with_flourish.svg\" style=\"width:105px!important;height:16px!important;border:none!important;margin:0!important;\"> <\/a><\/div>\n<p><iframe src=\"https:\/\/flo.uri.sh\/visualisation\/1972443\/embed\" scrolling=\"no\" style=\"width:100%;height:600px;\" frameborder=\"0\"><\/iframe><\/p>\n<div style=\"width:100%!;margin-top:4px!important;text-align:right!important;\"><a class=\"flourish-credit\" href=\"https:\/\/public.flourish.studio\/visualisation\/1972443\/?utm_source=embed&amp;utm_campaign=visualisation\/1972443\" target=\"_top\" style=\"text-decoration:none!important\" rel=\"noopener noreferrer\"><img decoding=\"async\" alt=\"Made with Flourish\" src=\"https:\/\/public.flourish.studio\/resources\/made_with_flourish.svg\" style=\"width:105px!important;height:16px!important;border:none!important;margin:0!important;\"> <\/a><\/div>","protected":false},"excerpt":{"rendered":"<p>La p\u00e9rdida de m\u00e1s de 100.000 puestos de trabajo que ha tenido lugar en Catalu\u00f1a a ra\u00edz de la crisis del coronavirus no se ha distribuido de manera homog\u00e9nea por el conjunto del territorio. La estructura productiva de municipios y comarcas est\u00e1 teniendo un papel central en la afectaci\u00f3n econ\u00f3mica de esta pandemia. En este&hellip;<\/p>\n","protected":false},"author":2,"featured_media":2065,"comment_status":"open","ping_status":"closed","sticky":false,"template":"","format":"standard","meta":{"footnotes":""},"categories":[142],"tags":[],"serveis":[262],"post_series":[],"class_list":["post-2070","post","type-post","status-publish","format-standard","has-post-thumbnail","hentry","category-desarrollo-local","serveis-difusio-socioeconomica-es","entry","has-media"],"yoast_head":"<!-- This site is optimized with the Yoast SEO plugin v26.8 - https:\/\/yoast.com\/product\/yoast-seo-wordpress\/ -->\n<title>El impacto econ\u00f3mico del Covid-19 se concentra en las comarcas pirenaicas y litorales - Act\u00edva Prospect<\/title>\n<meta name=\"description\" content=\"Noticias de Activa Prospect: El impacto econ\u00f3mico del Covid-19 se concentra en las comarcas pirenaicas y litorales.\" \/>\n<meta name=\"robots\" content=\"index, follow, max-snippet:-1, max-image-preview:large, max-video-preview:-1\" \/>\n<link rel=\"canonical\" href=\"https:\/\/activaprospect.cat\/es\/2020\/04\/16\/limpacte-economic-del-covid-19-es-concentra-a-les-comarques-pirinenques-i-litorals\/\" \/>\n<meta property=\"og:locale\" content=\"es_ES\" \/>\n<meta property=\"og:type\" content=\"article\" \/>\n<meta property=\"og:title\" content=\"El impacto econ\u00f3mico del Covid-19 se concentra en las comarcas pirenaicas y litorales - Act\u00edva Prospect\" \/>\n<meta property=\"og:description\" content=\"Noticias de Activa Prospect: El impacto econ\u00f3mico del Covid-19 se concentra en las comarcas pirenaicas y litorales.\" \/>\n<meta property=\"og:url\" content=\"https:\/\/activaprospect.cat\/es\/2020\/04\/16\/limpacte-economic-del-covid-19-es-concentra-a-les-comarques-pirinenques-i-litorals\/\" \/>\n<meta property=\"og:site_name\" content=\"Act\u00edva Prospect\" \/>\n<meta property=\"article:published_time\" content=\"2020-04-16T13:27:58+00:00\" \/>\n<meta property=\"article:modified_time\" content=\"2020-04-20T08:44:18+00:00\" \/>\n<meta property=\"og:image\" content=\"https:\/\/activaprospect.cat\/wp-content\/uploads\/2020\/04\/empord\u00e0-1024x576.jpg\" \/>\n\t<meta property=\"og:image:width\" content=\"1024\" \/>\n\t<meta property=\"og:image:height\" content=\"576\" \/>\n\t<meta property=\"og:image:type\" content=\"image\/jpeg\" \/>\n<meta name=\"author\" content=\"Activaprospect\" \/>\n<meta name=\"twitter:card\" content=\"summary_large_image\" \/>\n<meta name=\"twitter:creator\" content=\"@activaprospect\" \/>\n<meta name=\"twitter:site\" content=\"@activaprospect\" \/>\n<meta name=\"twitter:label1\" content=\"Escrito por\" \/>\n\t<meta name=\"twitter:data1\" content=\"Activaprospect\" \/>\n\t<meta name=\"twitter:label2\" content=\"Tiempo de lectura\" \/>\n\t<meta name=\"twitter:data2\" content=\"2 minutos\" \/>\n<script type=\"application\/ld+json\" class=\"yoast-schema-graph\">{\"@context\":\"https:\/\/schema.org\",\"@graph\":[{\"@type\":\"Article\",\"@id\":\"https:\/\/activaprospect.cat\/es\/2020\/04\/16\/limpacte-economic-del-covid-19-es-concentra-a-les-comarques-pirinenques-i-litorals\/#article\",\"isPartOf\":{\"@id\":\"https:\/\/activaprospect.cat\/es\/2020\/04\/16\/limpacte-economic-del-covid-19-es-concentra-a-les-comarques-pirinenques-i-litorals\/\"},\"author\":{\"name\":\"Activaprospect\",\"@id\":\"https:\/\/activaprospect.cat\/es\/#\/schema\/person\/6d0b94bc026be54d389f6e2c8b29c734\"},\"headline\":\"El impacto econ\u00f3mico del Covid-19 se concentra en las comarcas pirenaicas y litorales\",\"datePublished\":\"2020-04-16T13:27:58+00:00\",\"dateModified\":\"2020-04-20T08:44:18+00:00\",\"mainEntityOfPage\":{\"@id\":\"https:\/\/activaprospect.cat\/es\/2020\/04\/16\/limpacte-economic-del-covid-19-es-concentra-a-les-comarques-pirinenques-i-litorals\/\"},\"wordCount\":352,\"commentCount\":0,\"publisher\":{\"@id\":\"https:\/\/activaprospect.cat\/es\/#organization\"},\"image\":{\"@id\":\"https:\/\/activaprospect.cat\/es\/2020\/04\/16\/limpacte-economic-del-covid-19-es-concentra-a-les-comarques-pirinenques-i-litorals\/#primaryimage\"},\"thumbnailUrl\":\"https:\/\/activaprospect.cat\/wp-content\/uploads\/2020\/04\/empord\u00e0.jpg\",\"articleSection\":[\"Desarrollo local\"],\"inLanguage\":\"es\",\"potentialAction\":[{\"@type\":\"CommentAction\",\"name\":\"Comment\",\"target\":[\"https:\/\/activaprospect.cat\/es\/2020\/04\/16\/limpacte-economic-del-covid-19-es-concentra-a-les-comarques-pirinenques-i-litorals\/#respond\"]}]},{\"@type\":\"WebPage\",\"@id\":\"https:\/\/activaprospect.cat\/es\/2020\/04\/16\/limpacte-economic-del-covid-19-es-concentra-a-les-comarques-pirinenques-i-litorals\/\",\"url\":\"https:\/\/activaprospect.cat\/es\/2020\/04\/16\/limpacte-economic-del-covid-19-es-concentra-a-les-comarques-pirinenques-i-litorals\/\",\"name\":\"El impacto econ\u00f3mico del Covid-19 se concentra en las comarcas pirenaicas y litorales - Act\u00edva Prospect\",\"isPartOf\":{\"@id\":\"https:\/\/activaprospect.cat\/es\/#website\"},\"primaryImageOfPage\":{\"@id\":\"https:\/\/activaprospect.cat\/es\/2020\/04\/16\/limpacte-economic-del-covid-19-es-concentra-a-les-comarques-pirinenques-i-litorals\/#primaryimage\"},\"image\":{\"@id\":\"https:\/\/activaprospect.cat\/es\/2020\/04\/16\/limpacte-economic-del-covid-19-es-concentra-a-les-comarques-pirinenques-i-litorals\/#primaryimage\"},\"thumbnailUrl\":\"https:\/\/activaprospect.cat\/wp-content\/uploads\/2020\/04\/empord\u00e0.jpg\",\"datePublished\":\"2020-04-16T13:27:58+00:00\",\"dateModified\":\"2020-04-20T08:44:18+00:00\",\"description\":\"Noticias de Activa Prospect: El impacto econ\u00f3mico del Covid-19 se concentra en las comarcas pirenaicas y litorales.\",\"breadcrumb\":{\"@id\":\"https:\/\/activaprospect.cat\/es\/2020\/04\/16\/limpacte-economic-del-covid-19-es-concentra-a-les-comarques-pirinenques-i-litorals\/#breadcrumb\"},\"inLanguage\":\"es\",\"potentialAction\":[{\"@type\":\"ReadAction\",\"target\":[\"https:\/\/activaprospect.cat\/es\/2020\/04\/16\/limpacte-economic-del-covid-19-es-concentra-a-les-comarques-pirinenques-i-litorals\/\"]}]},{\"@type\":\"ImageObject\",\"inLanguage\":\"es\",\"@id\":\"https:\/\/activaprospect.cat\/es\/2020\/04\/16\/limpacte-economic-del-covid-19-es-concentra-a-les-comarques-pirinenques-i-litorals\/#primaryimage\",\"url\":\"https:\/\/activaprospect.cat\/wp-content\/uploads\/2020\/04\/empord\u00e0.jpg\",\"contentUrl\":\"https:\/\/activaprospect.cat\/wp-content\/uploads\/2020\/04\/empord\u00e0.jpg\",\"width\":2560,\"height\":1440},{\"@type\":\"BreadcrumbList\",\"@id\":\"https:\/\/activaprospect.cat\/es\/2020\/04\/16\/limpacte-economic-del-covid-19-es-concentra-a-les-comarques-pirinenques-i-litorals\/#breadcrumb\",\"itemListElement\":[{\"@type\":\"ListItem\",\"position\":1,\"name\":\"Inici\",\"item\":\"https:\/\/activaprospect.cat\/es\/\"},{\"@type\":\"ListItem\",\"position\":2,\"name\":\"El impacto econ\u00f3mico del Covid-19 se concentra en las comarcas pirenaicas y litorales\"}]},{\"@type\":\"WebSite\",\"@id\":\"https:\/\/activaprospect.cat\/es\/#website\",\"url\":\"https:\/\/activaprospect.cat\/es\/\",\"name\":\"Act\u00edva Prospect\",\"description\":\"Serveis de recerca, consultoria i assist&egrave;ncia t&egrave;cnica per la implementaci&oacute; de pol&iacute;tiques i projectes en l&#039;&agrave;mbit econ&ograve;mic i social\",\"publisher\":{\"@id\":\"https:\/\/activaprospect.cat\/es\/#organization\"},\"potentialAction\":[{\"@type\":\"SearchAction\",\"target\":{\"@type\":\"EntryPoint\",\"urlTemplate\":\"https:\/\/activaprospect.cat\/es\/?s={search_term_string}\"},\"query-input\":{\"@type\":\"PropertyValueSpecification\",\"valueRequired\":true,\"valueName\":\"search_term_string\"}}],\"inLanguage\":\"es\"},{\"@type\":\"Organization\",\"@id\":\"https:\/\/activaprospect.cat\/es\/#organization\",\"name\":\"ACT\u00cdVA PROSPECT Research & Solutions, S.L.\",\"url\":\"https:\/\/activaprospect.cat\/es\/\",\"logo\":{\"@type\":\"ImageObject\",\"inLanguage\":\"es\",\"@id\":\"https:\/\/activaprospect.cat\/es\/#\/schema\/logo\/image\/\",\"url\":\"https:\/\/activaprospect.cat\/wp-content\/uploads\/2018\/01\/logo-activa.png\",\"contentUrl\":\"https:\/\/activaprospect.cat\/wp-content\/uploads\/2018\/01\/logo-activa.png\",\"width\":365,\"height\":130,\"caption\":\"ACT\u00cdVA PROSPECT Research & Solutions, S.L.\"},\"image\":{\"@id\":\"https:\/\/activaprospect.cat\/es\/#\/schema\/logo\/image\/\"},\"sameAs\":[\"https:\/\/x.com\/activaprospect\",\"https:\/\/www.linkedin.com\/company\/activa-prospect\"]},{\"@type\":\"Person\",\"@id\":\"https:\/\/activaprospect.cat\/es\/#\/schema\/person\/6d0b94bc026be54d389f6e2c8b29c734\",\"name\":\"Activaprospect\",\"image\":{\"@type\":\"ImageObject\",\"inLanguage\":\"es\",\"@id\":\"https:\/\/activaprospect.cat\/es\/#\/schema\/person\/image\/\",\"url\":\"https:\/\/secure.gravatar.com\/avatar\/fcb321e95a052e2a22e9a6db968f9581b435a4e2c56d94a7b433b52695643a80?s=96&d=mm&r=g\",\"contentUrl\":\"https:\/\/secure.gravatar.com\/avatar\/fcb321e95a052e2a22e9a6db968f9581b435a4e2c56d94a7b433b52695643a80?s=96&d=mm&r=g\",\"caption\":\"Activaprospect\"},\"url\":\"https:\/\/activaprospect.cat\/es\/author\/activaprospect\/\"}]}<\/script>\n<!-- \/ Yoast SEO plugin. -->","yoast_head_json":{"title":"El impacto econ\u00f3mico del Covid-19 se concentra en las comarcas pirenaicas y litorales - Act\u00edva Prospect","description":"Noticias de Activa Prospect: El impacto econ\u00f3mico del Covid-19 se concentra en las comarcas pirenaicas y litorales.","robots":{"index":"index","follow":"follow","max-snippet":"max-snippet:-1","max-image-preview":"max-image-preview:large","max-video-preview":"max-video-preview:-1"},"canonical":"https:\/\/activaprospect.cat\/es\/2020\/04\/16\/limpacte-economic-del-covid-19-es-concentra-a-les-comarques-pirinenques-i-litorals\/","og_locale":"es_ES","og_type":"article","og_title":"El impacto econ\u00f3mico del Covid-19 se concentra en las comarcas pirenaicas y litorales - Act\u00edva Prospect","og_description":"Noticias de Activa Prospect: El impacto econ\u00f3mico del Covid-19 se concentra en las comarcas pirenaicas y litorales.","og_url":"https:\/\/activaprospect.cat\/es\/2020\/04\/16\/limpacte-economic-del-covid-19-es-concentra-a-les-comarques-pirinenques-i-litorals\/","og_site_name":"Act\u00edva Prospect","article_published_time":"2020-04-16T13:27:58+00:00","article_modified_time":"2020-04-20T08:44:18+00:00","og_image":[{"width":1024,"height":576,"url":"https:\/\/activaprospect.cat\/wp-content\/uploads\/2020\/04\/empord\u00e0-1024x576.jpg","type":"image\/jpeg"}],"author":"Activaprospect","twitter_card":"summary_large_image","twitter_creator":"@activaprospect","twitter_site":"@activaprospect","twitter_misc":{"Escrito por":"Activaprospect","Tiempo de lectura":"2 minutos"},"schema":{"@context":"https:\/\/schema.org","@graph":[{"@type":"Article","@id":"https:\/\/activaprospect.cat\/es\/2020\/04\/16\/limpacte-economic-del-covid-19-es-concentra-a-les-comarques-pirinenques-i-litorals\/#article","isPartOf":{"@id":"https:\/\/activaprospect.cat\/es\/2020\/04\/16\/limpacte-economic-del-covid-19-es-concentra-a-les-comarques-pirinenques-i-litorals\/"},"author":{"name":"Activaprospect","@id":"https:\/\/activaprospect.cat\/es\/#\/schema\/person\/6d0b94bc026be54d389f6e2c8b29c734"},"headline":"El impacto econ\u00f3mico del Covid-19 se concentra en las comarcas pirenaicas y litorales","datePublished":"2020-04-16T13:27:58+00:00","dateModified":"2020-04-20T08:44:18+00:00","mainEntityOfPage":{"@id":"https:\/\/activaprospect.cat\/es\/2020\/04\/16\/limpacte-economic-del-covid-19-es-concentra-a-les-comarques-pirinenques-i-litorals\/"},"wordCount":352,"commentCount":0,"publisher":{"@id":"https:\/\/activaprospect.cat\/es\/#organization"},"image":{"@id":"https:\/\/activaprospect.cat\/es\/2020\/04\/16\/limpacte-economic-del-covid-19-es-concentra-a-les-comarques-pirinenques-i-litorals\/#primaryimage"},"thumbnailUrl":"https:\/\/activaprospect.cat\/wp-content\/uploads\/2020\/04\/empord\u00e0.jpg","articleSection":["Desarrollo local"],"inLanguage":"es","potentialAction":[{"@type":"CommentAction","name":"Comment","target":["https:\/\/activaprospect.cat\/es\/2020\/04\/16\/limpacte-economic-del-covid-19-es-concentra-a-les-comarques-pirinenques-i-litorals\/#respond"]}]},{"@type":"WebPage","@id":"https:\/\/activaprospect.cat\/es\/2020\/04\/16\/limpacte-economic-del-covid-19-es-concentra-a-les-comarques-pirinenques-i-litorals\/","url":"https:\/\/activaprospect.cat\/es\/2020\/04\/16\/limpacte-economic-del-covid-19-es-concentra-a-les-comarques-pirinenques-i-litorals\/","name":"El impacto econ\u00f3mico del Covid-19 se concentra en las comarcas pirenaicas y litorales - Act\u00edva Prospect","isPartOf":{"@id":"https:\/\/activaprospect.cat\/es\/#website"},"primaryImageOfPage":{"@id":"https:\/\/activaprospect.cat\/es\/2020\/04\/16\/limpacte-economic-del-covid-19-es-concentra-a-les-comarques-pirinenques-i-litorals\/#primaryimage"},"image":{"@id":"https:\/\/activaprospect.cat\/es\/2020\/04\/16\/limpacte-economic-del-covid-19-es-concentra-a-les-comarques-pirinenques-i-litorals\/#primaryimage"},"thumbnailUrl":"https:\/\/activaprospect.cat\/wp-content\/uploads\/2020\/04\/empord\u00e0.jpg","datePublished":"2020-04-16T13:27:58+00:00","dateModified":"2020-04-20T08:44:18+00:00","description":"Noticias de Activa Prospect: El impacto econ\u00f3mico del Covid-19 se concentra en las comarcas pirenaicas y litorales.","breadcrumb":{"@id":"https:\/\/activaprospect.cat\/es\/2020\/04\/16\/limpacte-economic-del-covid-19-es-concentra-a-les-comarques-pirinenques-i-litorals\/#breadcrumb"},"inLanguage":"es","potentialAction":[{"@type":"ReadAction","target":["https:\/\/activaprospect.cat\/es\/2020\/04\/16\/limpacte-economic-del-covid-19-es-concentra-a-les-comarques-pirinenques-i-litorals\/"]}]},{"@type":"ImageObject","inLanguage":"es","@id":"https:\/\/activaprospect.cat\/es\/2020\/04\/16\/limpacte-economic-del-covid-19-es-concentra-a-les-comarques-pirinenques-i-litorals\/#primaryimage","url":"https:\/\/activaprospect.cat\/wp-content\/uploads\/2020\/04\/empord\u00e0.jpg","contentUrl":"https:\/\/activaprospect.cat\/wp-content\/uploads\/2020\/04\/empord\u00e0.jpg","width":2560,"height":1440},{"@type":"BreadcrumbList","@id":"https:\/\/activaprospect.cat\/es\/2020\/04\/16\/limpacte-economic-del-covid-19-es-concentra-a-les-comarques-pirinenques-i-litorals\/#breadcrumb","itemListElement":[{"@type":"ListItem","position":1,"name":"Inici","item":"https:\/\/activaprospect.cat\/es\/"},{"@type":"ListItem","position":2,"name":"El impacto econ\u00f3mico del Covid-19 se concentra en las comarcas pirenaicas y litorales"}]},{"@type":"WebSite","@id":"https:\/\/activaprospect.cat\/es\/#website","url":"https:\/\/activaprospect.cat\/es\/","name":"Act\u00edva Prospect","description":"Serveis de recerca, consultoria i assist&egrave;ncia t&egrave;cnica per la implementaci&oacute; de pol&iacute;tiques i projectes en l&#039;&agrave;mbit econ&ograve;mic i social","publisher":{"@id":"https:\/\/activaprospect.cat\/es\/#organization"},"potentialAction":[{"@type":"SearchAction","target":{"@type":"EntryPoint","urlTemplate":"https:\/\/activaprospect.cat\/es\/?s={search_term_string}"},"query-input":{"@type":"PropertyValueSpecification","valueRequired":true,"valueName":"search_term_string"}}],"inLanguage":"es"},{"@type":"Organization","@id":"https:\/\/activaprospect.cat\/es\/#organization","name":"ACT\u00cdVA PROSPECT Research & Solutions, S.L.","url":"https:\/\/activaprospect.cat\/es\/","logo":{"@type":"ImageObject","inLanguage":"es","@id":"https:\/\/activaprospect.cat\/es\/#\/schema\/logo\/image\/","url":"https:\/\/activaprospect.cat\/wp-content\/uploads\/2018\/01\/logo-activa.png","contentUrl":"https:\/\/activaprospect.cat\/wp-content\/uploads\/2018\/01\/logo-activa.png","width":365,"height":130,"caption":"ACT\u00cdVA PROSPECT Research & Solutions, S.L."},"image":{"@id":"https:\/\/activaprospect.cat\/es\/#\/schema\/logo\/image\/"},"sameAs":["https:\/\/x.com\/activaprospect","https:\/\/www.linkedin.com\/company\/activa-prospect"]},{"@type":"Person","@id":"https:\/\/activaprospect.cat\/es\/#\/schema\/person\/6d0b94bc026be54d389f6e2c8b29c734","name":"Activaprospect","image":{"@type":"ImageObject","inLanguage":"es","@id":"https:\/\/activaprospect.cat\/es\/#\/schema\/person\/image\/","url":"https:\/\/secure.gravatar.com\/avatar\/fcb321e95a052e2a22e9a6db968f9581b435a4e2c56d94a7b433b52695643a80?s=96&d=mm&r=g","contentUrl":"https:\/\/secure.gravatar.com\/avatar\/fcb321e95a052e2a22e9a6db968f9581b435a4e2c56d94a7b433b52695643a80?s=96&d=mm&r=g","caption":"Activaprospect"},"url":"https:\/\/activaprospect.cat\/es\/author\/activaprospect\/"}]}},"_links":{"self":[{"href":"https:\/\/activaprospect.cat\/es\/wp-json\/wp\/v2\/posts\/2070","targetHints":{"allow":["GET"]}}],"collection":[{"href":"https:\/\/activaprospect.cat\/es\/wp-json\/wp\/v2\/posts"}],"about":[{"href":"https:\/\/activaprospect.cat\/es\/wp-json\/wp\/v2\/types\/post"}],"author":[{"embeddable":true,"href":"https:\/\/activaprospect.cat\/es\/wp-json\/wp\/v2\/users\/2"}],"replies":[{"embeddable":true,"href":"https:\/\/activaprospect.cat\/es\/wp-json\/wp\/v2\/comments?post=2070"}],"version-history":[{"count":0,"href":"https:\/\/activaprospect.cat\/es\/wp-json\/wp\/v2\/posts\/2070\/revisions"}],"wp:featuredmedia":[{"embeddable":true,"href":"https:\/\/activaprospect.cat\/es\/wp-json\/wp\/v2\/media\/2065"}],"wp:attachment":[{"href":"https:\/\/activaprospect.cat\/es\/wp-json\/wp\/v2\/media?parent=2070"}],"wp:term":[{"taxonomy":"category","embeddable":true,"href":"https:\/\/activaprospect.cat\/es\/wp-json\/wp\/v2\/categories?post=2070"},{"taxonomy":"post_tag","embeddable":true,"href":"https:\/\/activaprospect.cat\/es\/wp-json\/wp\/v2\/tags?post=2070"},{"taxonomy":"serveis","embeddable":true,"href":"https:\/\/activaprospect.cat\/es\/wp-json\/wp\/v2\/serveis?post=2070"},{"taxonomy":"post_series","embeddable":true,"href":"https:\/\/activaprospect.cat\/es\/wp-json\/wp\/v2\/post_series?post=2070"}],"curies":[{"name":"wp","href":"https:\/\/api.w.org\/{rel}","templated":true}]}}