{"id":2163,"date":"2020-04-30T09:38:32","date_gmt":"2020-04-30T09:38:32","guid":{"rendered":"https:\/\/activaprospect.cat\/2020\/04\/30\/analisi-de-limpacte-economic-de-la-covid-19-al-garraf\/"},"modified":"2020-05-04T08:06:50","modified_gmt":"2020-05-04T08:06:50","slug":"analisi-de-limpacte-economic-de-la-covid-19-al-garraf","status":"publish","type":"post","link":"https:\/\/activaprospect.cat\/es\/2020\/04\/30\/analisi-de-limpacte-economic-de-la-covid-19-al-garraf\/","title":{"rendered":"An\u00e1lisis del impacto econ\u00f3mico de la Covid-19 en el Garraf"},"content":{"rendered":"\n<p>Desde Activa Prospect hemos realizado un an\u00e1lisis del impacto econ\u00f3mico de la Covid-19 sobre la econom\u00eda del Garraf. El encargo de la agencia de desarrollo <a href=\"https:\/\/www.nodegarraf.cat\/\">Node Garraf<\/a> nos ha permitido ver cu\u00e1les han sido los efectos de la actual crisis tanto sobre el tejido productivo, como sobre el mercado laboral de la comarca, a trav\u00e9s del an\u00e1lisis de la evoluci\u00f3n de indicadores como la afiliaci\u00f3n, el paro, la contrataci\u00f3n, la incidencia de los ERTE sobre el empleo y el tejido empresarial, la afectaci\u00f3n sectorial o la variaci\u00f3n del n\u00famero de empresas localizadas en la comarca. <\/p>\n\n\n\n<blockquote class=\"wp-block-quote is-layout-flow wp-block-quote-is-layout-flow\"><p><strong>El Garraf ha sido una de las comarcas con mayor incidencia de los ERTE sobre la ocupaci\u00f3n y eltejido empresarial<\/strong><\/p><\/blockquote>\n\n\n\n<p>Los datos muestran la elevada afectaci\u00f3n que han tenido los ERTE en el Garraf, donde se han registrado algunos de los mayores niveles de incidencia de Catalu\u00f1a tanto sobre el trabajo asalariado, que ha afectado al 44,2% de los puestos de trabajo, como sobre el tejido empresarial, que se ha visto afectado en un 51,1%. La destrucci\u00f3n del 4,7% del empleo de la comarca ha venido principalmente causada por la p\u00e9rdida de trabajo asalariado, frente al leve repunte del trabajo aut\u00f3nomo. Una p\u00e9rdida de empleo que no ha ido acompa\u00f1ada por un incremento equivalente del desempleo, lo que pone de manifiesto el efecto amortiguador que est\u00e1n teniendo los ERTE sobre el paro. Con la finalizaci\u00f3n del estado de alarma, sin embargo, es previsible que, si no se toman medidas, el colectivo de personas afectadas por ERTE de fuerza mayor se vean abocadas al paro, con el consiguiente incremento del mismo en los pr\u00f3ximos meses. <\/p>\n\n\n\n<p>Puede consultar el informe en linia <a href=\"https:\/\/infogram.com\/impacte-covid-19-al-garraf-1hke60werve145r?live\">aqu\u00ed<\/a><\/p>\n\n\n\n<p><iframe loading=\"lazy\" src=\"https:\/\/e.infogram.com\/aea4ae30-2d79-4cda-9478-80118f434f5f?src=embed\" title=\"Impacte covid-19 al Garraf\" scrolling=\"no\" style=\"border:none;\" allowfullscreen=\"allowfullscreen\" width=\"605\" height=\"914\" frameborder=\"0\"><\/iframe><\/p>\n\n\n\n<p>Podreu trobar m\u00e9s visualitzacions de dades relacionades amb l&#8217;impacte de la covid-19 per municipis i comarques de Catalunya a les nostres xarxes <a href=\"https:\/\/www.linkedin.com\/company\/activa-prospect\/\">Linkedin <\/a>i <a href=\"https:\/\/twitter.com\/activaprospect\">Twitter<\/a><\/p>\n","protected":false},"excerpt":{"rendered":"<p>Desde Activa Prospect hemos realizado un an\u00e1lisis del impacto econ\u00f3mico de la Covid-19 sobre la econom\u00eda del Garraf. El encargo de la agencia de desarrollo Node Garraf nos ha permitido ver cu\u00e1les han sido los efectos de la actual crisis tanto sobre el tejido productivo, como sobre el mercado laboral de la comarca, a trav\u00e9s&hellip;<\/p>\n","protected":false},"author":2,"featured_media":2148,"comment_status":"open","ping_status":"closed","sticky":false,"template":"","format":"standard","meta":{"footnotes":""},"categories":[148],"tags":[264,266,265,267],"serveis":[52,262],"post_series":[],"class_list":["post-2163","post","type-post","status-publish","format-standard","has-post-thumbnail","hentry","category-trabajo-y-ocupacion","tag-covid-19","tag-covid-19-es","tag-garraf","tag-garraf-es","serveis-diagnostico","serveis-difusio-socioeconomica-es","entry","has-media"],"yoast_head":"<!-- This site is optimized with the Yoast SEO plugin v26.8 - https:\/\/yoast.com\/product\/yoast-seo-wordpress\/ -->\n<title>An\u00e1lisis del impacto econ\u00f3mico de la Covid-19 en el Garraf - Act\u00edva Prospect<\/title>\n<meta name=\"description\" content=\"Noticias de Activa Prospect: An\u00e1lisis del impacto econ\u00f3mico de la Covid-19 en el Garraf.\" \/>\n<meta name=\"robots\" content=\"index, follow, max-snippet:-1, max-image-preview:large, max-video-preview:-1\" \/>\n<link rel=\"canonical\" href=\"https:\/\/activaprospect.cat\/es\/2020\/04\/30\/analisi-de-limpacte-economic-de-la-covid-19-al-garraf\/\" \/>\n<meta property=\"og:locale\" content=\"es_ES\" \/>\n<meta property=\"og:type\" content=\"article\" \/>\n<meta property=\"og:title\" content=\"An\u00e1lisis del impacto econ\u00f3mico de la Covid-19 en el Garraf - Act\u00edva Prospect\" \/>\n<meta property=\"og:description\" content=\"Noticias de Activa Prospect: An\u00e1lisis del impacto econ\u00f3mico de la Covid-19 en el Garraf.\" \/>\n<meta property=\"og:url\" content=\"https:\/\/activaprospect.cat\/es\/2020\/04\/30\/analisi-de-limpacte-economic-de-la-covid-19-al-garraf\/\" \/>\n<meta property=\"og:site_name\" content=\"Act\u00edva Prospect\" \/>\n<meta property=\"article:published_time\" content=\"2020-04-30T09:38:32+00:00\" \/>\n<meta property=\"article:modified_time\" content=\"2020-05-04T08:06:50+00:00\" \/>\n<meta property=\"og:image\" content=\"https:\/\/activaprospect.cat\/wp-content\/uploads\/2020\/04\/impacte-covid-19-al-garraf.jpg\" \/>\n\t<meta property=\"og:image:width\" content=\"533\" \/>\n\t<meta property=\"og:image:height\" content=\"531\" \/>\n\t<meta property=\"og:image:type\" content=\"image\/jpeg\" \/>\n<meta name=\"author\" content=\"Activaprospect\" \/>\n<meta name=\"twitter:card\" content=\"summary_large_image\" \/>\n<meta name=\"twitter:creator\" content=\"@activaprospect\" \/>\n<meta name=\"twitter:site\" content=\"@activaprospect\" \/>\n<meta name=\"twitter:label1\" content=\"Escrito por\" \/>\n\t<meta name=\"twitter:data1\" content=\"Activaprospect\" \/>\n\t<meta name=\"twitter:label2\" content=\"Tiempo de lectura\" \/>\n\t<meta name=\"twitter:data2\" content=\"2 minutos\" \/>\n<script type=\"application\/ld+json\" class=\"yoast-schema-graph\">{\"@context\":\"https:\/\/schema.org\",\"@graph\":[{\"@type\":\"Article\",\"@id\":\"https:\/\/activaprospect.cat\/es\/2020\/04\/30\/analisi-de-limpacte-economic-de-la-covid-19-al-garraf\/#article\",\"isPartOf\":{\"@id\":\"https:\/\/activaprospect.cat\/es\/2020\/04\/30\/analisi-de-limpacte-economic-de-la-covid-19-al-garraf\/\"},\"author\":{\"name\":\"Activaprospect\",\"@id\":\"https:\/\/activaprospect.cat\/es\/#\/schema\/person\/6d0b94bc026be54d389f6e2c8b29c734\"},\"headline\":\"An\u00e1lisis del impacto econ\u00f3mico de la Covid-19 en el Garraf\",\"datePublished\":\"2020-04-30T09:38:32+00:00\",\"dateModified\":\"2020-05-04T08:06:50+00:00\",\"mainEntityOfPage\":{\"@id\":\"https:\/\/activaprospect.cat\/es\/2020\/04\/30\/analisi-de-limpacte-economic-de-la-covid-19-al-garraf\/\"},\"wordCount\":335,\"commentCount\":0,\"publisher\":{\"@id\":\"https:\/\/activaprospect.cat\/es\/#organization\"},\"image\":{\"@id\":\"https:\/\/activaprospect.cat\/es\/2020\/04\/30\/analisi-de-limpacte-economic-de-la-covid-19-al-garraf\/#primaryimage\"},\"thumbnailUrl\":\"https:\/\/activaprospect.cat\/wp-content\/uploads\/2020\/04\/impacte-covid-19-al-garraf.jpg\",\"keywords\":[\"Covid-19\",\"Covid-19\",\"Garraf\",\"Garraf\"],\"articleSection\":[\"Trabajo y ocupaci\u00f3n\"],\"inLanguage\":\"es\",\"potentialAction\":[{\"@type\":\"CommentAction\",\"name\":\"Comment\",\"target\":[\"https:\/\/activaprospect.cat\/es\/2020\/04\/30\/analisi-de-limpacte-economic-de-la-covid-19-al-garraf\/#respond\"]}]},{\"@type\":\"WebPage\",\"@id\":\"https:\/\/activaprospect.cat\/es\/2020\/04\/30\/analisi-de-limpacte-economic-de-la-covid-19-al-garraf\/\",\"url\":\"https:\/\/activaprospect.cat\/es\/2020\/04\/30\/analisi-de-limpacte-economic-de-la-covid-19-al-garraf\/\",\"name\":\"An\u00e1lisis del impacto econ\u00f3mico de la Covid-19 en el Garraf - Act\u00edva Prospect\",\"isPartOf\":{\"@id\":\"https:\/\/activaprospect.cat\/es\/#website\"},\"primaryImageOfPage\":{\"@id\":\"https:\/\/activaprospect.cat\/es\/2020\/04\/30\/analisi-de-limpacte-economic-de-la-covid-19-al-garraf\/#primaryimage\"},\"image\":{\"@id\":\"https:\/\/activaprospect.cat\/es\/2020\/04\/30\/analisi-de-limpacte-economic-de-la-covid-19-al-garraf\/#primaryimage\"},\"thumbnailUrl\":\"https:\/\/activaprospect.cat\/wp-content\/uploads\/2020\/04\/impacte-covid-19-al-garraf.jpg\",\"datePublished\":\"2020-04-30T09:38:32+00:00\",\"dateModified\":\"2020-05-04T08:06:50+00:00\",\"description\":\"Noticias de Activa Prospect: An\u00e1lisis del impacto econ\u00f3mico de la Covid-19 en el Garraf.\",\"breadcrumb\":{\"@id\":\"https:\/\/activaprospect.cat\/es\/2020\/04\/30\/analisi-de-limpacte-economic-de-la-covid-19-al-garraf\/#breadcrumb\"},\"inLanguage\":\"es\",\"potentialAction\":[{\"@type\":\"ReadAction\",\"target\":[\"https:\/\/activaprospect.cat\/es\/2020\/04\/30\/analisi-de-limpacte-economic-de-la-covid-19-al-garraf\/\"]}]},{\"@type\":\"ImageObject\",\"inLanguage\":\"es\",\"@id\":\"https:\/\/activaprospect.cat\/es\/2020\/04\/30\/analisi-de-limpacte-economic-de-la-covid-19-al-garraf\/#primaryimage\",\"url\":\"https:\/\/activaprospect.cat\/wp-content\/uploads\/2020\/04\/impacte-covid-19-al-garraf.jpg\",\"contentUrl\":\"https:\/\/activaprospect.cat\/wp-content\/uploads\/2020\/04\/impacte-covid-19-al-garraf.jpg\",\"width\":533,\"height\":531},{\"@type\":\"BreadcrumbList\",\"@id\":\"https:\/\/activaprospect.cat\/es\/2020\/04\/30\/analisi-de-limpacte-economic-de-la-covid-19-al-garraf\/#breadcrumb\",\"itemListElement\":[{\"@type\":\"ListItem\",\"position\":1,\"name\":\"Inici\",\"item\":\"https:\/\/activaprospect.cat\/es\/\"},{\"@type\":\"ListItem\",\"position\":2,\"name\":\"An\u00e1lisis del impacto econ\u00f3mico de la Covid-19 en el Garraf\"}]},{\"@type\":\"WebSite\",\"@id\":\"https:\/\/activaprospect.cat\/es\/#website\",\"url\":\"https:\/\/activaprospect.cat\/es\/\",\"name\":\"Act\u00edva Prospect\",\"description\":\"Serveis de recerca, consultoria i assist&egrave;ncia t&egrave;cnica per la implementaci&oacute; de pol&iacute;tiques i projectes en l&#039;&agrave;mbit econ&ograve;mic i social\",\"publisher\":{\"@id\":\"https:\/\/activaprospect.cat\/es\/#organization\"},\"potentialAction\":[{\"@type\":\"SearchAction\",\"target\":{\"@type\":\"EntryPoint\",\"urlTemplate\":\"https:\/\/activaprospect.cat\/es\/?s={search_term_string}\"},\"query-input\":{\"@type\":\"PropertyValueSpecification\",\"valueRequired\":true,\"valueName\":\"search_term_string\"}}],\"inLanguage\":\"es\"},{\"@type\":\"Organization\",\"@id\":\"https:\/\/activaprospect.cat\/es\/#organization\",\"name\":\"ACT\u00cdVA PROSPECT Research & Solutions, S.L.\",\"url\":\"https:\/\/activaprospect.cat\/es\/\",\"logo\":{\"@type\":\"ImageObject\",\"inLanguage\":\"es\",\"@id\":\"https:\/\/activaprospect.cat\/es\/#\/schema\/logo\/image\/\",\"url\":\"https:\/\/activaprospect.cat\/wp-content\/uploads\/2018\/01\/logo-activa.png\",\"contentUrl\":\"https:\/\/activaprospect.cat\/wp-content\/uploads\/2018\/01\/logo-activa.png\",\"width\":365,\"height\":130,\"caption\":\"ACT\u00cdVA PROSPECT Research & Solutions, S.L.\"},\"image\":{\"@id\":\"https:\/\/activaprospect.cat\/es\/#\/schema\/logo\/image\/\"},\"sameAs\":[\"https:\/\/x.com\/activaprospect\",\"https:\/\/www.linkedin.com\/company\/activa-prospect\"]},{\"@type\":\"Person\",\"@id\":\"https:\/\/activaprospect.cat\/es\/#\/schema\/person\/6d0b94bc026be54d389f6e2c8b29c734\",\"name\":\"Activaprospect\",\"image\":{\"@type\":\"ImageObject\",\"inLanguage\":\"es\",\"@id\":\"https:\/\/activaprospect.cat\/es\/#\/schema\/person\/image\/\",\"url\":\"https:\/\/secure.gravatar.com\/avatar\/fcb321e95a052e2a22e9a6db968f9581b435a4e2c56d94a7b433b52695643a80?s=96&d=mm&r=g\",\"contentUrl\":\"https:\/\/secure.gravatar.com\/avatar\/fcb321e95a052e2a22e9a6db968f9581b435a4e2c56d94a7b433b52695643a80?s=96&d=mm&r=g\",\"caption\":\"Activaprospect\"},\"url\":\"https:\/\/activaprospect.cat\/es\/author\/activaprospect\/\"}]}<\/script>\n<!-- \/ Yoast SEO plugin. -->","yoast_head_json":{"title":"An\u00e1lisis del impacto econ\u00f3mico de la Covid-19 en el Garraf - Act\u00edva Prospect","description":"Noticias de Activa Prospect: An\u00e1lisis del impacto econ\u00f3mico de la Covid-19 en el Garraf.","robots":{"index":"index","follow":"follow","max-snippet":"max-snippet:-1","max-image-preview":"max-image-preview:large","max-video-preview":"max-video-preview:-1"},"canonical":"https:\/\/activaprospect.cat\/es\/2020\/04\/30\/analisi-de-limpacte-economic-de-la-covid-19-al-garraf\/","og_locale":"es_ES","og_type":"article","og_title":"An\u00e1lisis del impacto econ\u00f3mico de la Covid-19 en el Garraf - Act\u00edva Prospect","og_description":"Noticias de Activa Prospect: An\u00e1lisis del impacto econ\u00f3mico de la Covid-19 en el Garraf.","og_url":"https:\/\/activaprospect.cat\/es\/2020\/04\/30\/analisi-de-limpacte-economic-de-la-covid-19-al-garraf\/","og_site_name":"Act\u00edva Prospect","article_published_time":"2020-04-30T09:38:32+00:00","article_modified_time":"2020-05-04T08:06:50+00:00","og_image":[{"width":533,"height":531,"url":"https:\/\/activaprospect.cat\/wp-content\/uploads\/2020\/04\/impacte-covid-19-al-garraf.jpg","type":"image\/jpeg"}],"author":"Activaprospect","twitter_card":"summary_large_image","twitter_creator":"@activaprospect","twitter_site":"@activaprospect","twitter_misc":{"Escrito por":"Activaprospect","Tiempo de lectura":"2 minutos"},"schema":{"@context":"https:\/\/schema.org","@graph":[{"@type":"Article","@id":"https:\/\/activaprospect.cat\/es\/2020\/04\/30\/analisi-de-limpacte-economic-de-la-covid-19-al-garraf\/#article","isPartOf":{"@id":"https:\/\/activaprospect.cat\/es\/2020\/04\/30\/analisi-de-limpacte-economic-de-la-covid-19-al-garraf\/"},"author":{"name":"Activaprospect","@id":"https:\/\/activaprospect.cat\/es\/#\/schema\/person\/6d0b94bc026be54d389f6e2c8b29c734"},"headline":"An\u00e1lisis del impacto econ\u00f3mico de la Covid-19 en el Garraf","datePublished":"2020-04-30T09:38:32+00:00","dateModified":"2020-05-04T08:06:50+00:00","mainEntityOfPage":{"@id":"https:\/\/activaprospect.cat\/es\/2020\/04\/30\/analisi-de-limpacte-economic-de-la-covid-19-al-garraf\/"},"wordCount":335,"commentCount":0,"publisher":{"@id":"https:\/\/activaprospect.cat\/es\/#organization"},"image":{"@id":"https:\/\/activaprospect.cat\/es\/2020\/04\/30\/analisi-de-limpacte-economic-de-la-covid-19-al-garraf\/#primaryimage"},"thumbnailUrl":"https:\/\/activaprospect.cat\/wp-content\/uploads\/2020\/04\/impacte-covid-19-al-garraf.jpg","keywords":["Covid-19","Covid-19","Garraf","Garraf"],"articleSection":["Trabajo y ocupaci\u00f3n"],"inLanguage":"es","potentialAction":[{"@type":"CommentAction","name":"Comment","target":["https:\/\/activaprospect.cat\/es\/2020\/04\/30\/analisi-de-limpacte-economic-de-la-covid-19-al-garraf\/#respond"]}]},{"@type":"WebPage","@id":"https:\/\/activaprospect.cat\/es\/2020\/04\/30\/analisi-de-limpacte-economic-de-la-covid-19-al-garraf\/","url":"https:\/\/activaprospect.cat\/es\/2020\/04\/30\/analisi-de-limpacte-economic-de-la-covid-19-al-garraf\/","name":"An\u00e1lisis del impacto econ\u00f3mico de la Covid-19 en el Garraf - Act\u00edva Prospect","isPartOf":{"@id":"https:\/\/activaprospect.cat\/es\/#website"},"primaryImageOfPage":{"@id":"https:\/\/activaprospect.cat\/es\/2020\/04\/30\/analisi-de-limpacte-economic-de-la-covid-19-al-garraf\/#primaryimage"},"image":{"@id":"https:\/\/activaprospect.cat\/es\/2020\/04\/30\/analisi-de-limpacte-economic-de-la-covid-19-al-garraf\/#primaryimage"},"thumbnailUrl":"https:\/\/activaprospect.cat\/wp-content\/uploads\/2020\/04\/impacte-covid-19-al-garraf.jpg","datePublished":"2020-04-30T09:38:32+00:00","dateModified":"2020-05-04T08:06:50+00:00","description":"Noticias de Activa Prospect: An\u00e1lisis del impacto econ\u00f3mico de la Covid-19 en el Garraf.","breadcrumb":{"@id":"https:\/\/activaprospect.cat\/es\/2020\/04\/30\/analisi-de-limpacte-economic-de-la-covid-19-al-garraf\/#breadcrumb"},"inLanguage":"es","potentialAction":[{"@type":"ReadAction","target":["https:\/\/activaprospect.cat\/es\/2020\/04\/30\/analisi-de-limpacte-economic-de-la-covid-19-al-garraf\/"]}]},{"@type":"ImageObject","inLanguage":"es","@id":"https:\/\/activaprospect.cat\/es\/2020\/04\/30\/analisi-de-limpacte-economic-de-la-covid-19-al-garraf\/#primaryimage","url":"https:\/\/activaprospect.cat\/wp-content\/uploads\/2020\/04\/impacte-covid-19-al-garraf.jpg","contentUrl":"https:\/\/activaprospect.cat\/wp-content\/uploads\/2020\/04\/impacte-covid-19-al-garraf.jpg","width":533,"height":531},{"@type":"BreadcrumbList","@id":"https:\/\/activaprospect.cat\/es\/2020\/04\/30\/analisi-de-limpacte-economic-de-la-covid-19-al-garraf\/#breadcrumb","itemListElement":[{"@type":"ListItem","position":1,"name":"Inici","item":"https:\/\/activaprospect.cat\/es\/"},{"@type":"ListItem","position":2,"name":"An\u00e1lisis del impacto econ\u00f3mico de la Covid-19 en el Garraf"}]},{"@type":"WebSite","@id":"https:\/\/activaprospect.cat\/es\/#website","url":"https:\/\/activaprospect.cat\/es\/","name":"Act\u00edva Prospect","description":"Serveis de recerca, consultoria i assist&egrave;ncia t&egrave;cnica per la implementaci&oacute; de pol&iacute;tiques i projectes en l&#039;&agrave;mbit econ&ograve;mic i social","publisher":{"@id":"https:\/\/activaprospect.cat\/es\/#organization"},"potentialAction":[{"@type":"SearchAction","target":{"@type":"EntryPoint","urlTemplate":"https:\/\/activaprospect.cat\/es\/?s={search_term_string}"},"query-input":{"@type":"PropertyValueSpecification","valueRequired":true,"valueName":"search_term_string"}}],"inLanguage":"es"},{"@type":"Organization","@id":"https:\/\/activaprospect.cat\/es\/#organization","name":"ACT\u00cdVA PROSPECT Research & Solutions, S.L.","url":"https:\/\/activaprospect.cat\/es\/","logo":{"@type":"ImageObject","inLanguage":"es","@id":"https:\/\/activaprospect.cat\/es\/#\/schema\/logo\/image\/","url":"https:\/\/activaprospect.cat\/wp-content\/uploads\/2018\/01\/logo-activa.png","contentUrl":"https:\/\/activaprospect.cat\/wp-content\/uploads\/2018\/01\/logo-activa.png","width":365,"height":130,"caption":"ACT\u00cdVA PROSPECT Research & Solutions, S.L."},"image":{"@id":"https:\/\/activaprospect.cat\/es\/#\/schema\/logo\/image\/"},"sameAs":["https:\/\/x.com\/activaprospect","https:\/\/www.linkedin.com\/company\/activa-prospect"]},{"@type":"Person","@id":"https:\/\/activaprospect.cat\/es\/#\/schema\/person\/6d0b94bc026be54d389f6e2c8b29c734","name":"Activaprospect","image":{"@type":"ImageObject","inLanguage":"es","@id":"https:\/\/activaprospect.cat\/es\/#\/schema\/person\/image\/","url":"https:\/\/secure.gravatar.com\/avatar\/fcb321e95a052e2a22e9a6db968f9581b435a4e2c56d94a7b433b52695643a80?s=96&d=mm&r=g","contentUrl":"https:\/\/secure.gravatar.com\/avatar\/fcb321e95a052e2a22e9a6db968f9581b435a4e2c56d94a7b433b52695643a80?s=96&d=mm&r=g","caption":"Activaprospect"},"url":"https:\/\/activaprospect.cat\/es\/author\/activaprospect\/"}]}},"_links":{"self":[{"href":"https:\/\/activaprospect.cat\/es\/wp-json\/wp\/v2\/posts\/2163","targetHints":{"allow":["GET"]}}],"collection":[{"href":"https:\/\/activaprospect.cat\/es\/wp-json\/wp\/v2\/posts"}],"about":[{"href":"https:\/\/activaprospect.cat\/es\/wp-json\/wp\/v2\/types\/post"}],"author":[{"embeddable":true,"href":"https:\/\/activaprospect.cat\/es\/wp-json\/wp\/v2\/users\/2"}],"replies":[{"embeddable":true,"href":"https:\/\/activaprospect.cat\/es\/wp-json\/wp\/v2\/comments?post=2163"}],"version-history":[{"count":0,"href":"https:\/\/activaprospect.cat\/es\/wp-json\/wp\/v2\/posts\/2163\/revisions"}],"wp:featuredmedia":[{"embeddable":true,"href":"https:\/\/activaprospect.cat\/es\/wp-json\/wp\/v2\/media\/2148"}],"wp:attachment":[{"href":"https:\/\/activaprospect.cat\/es\/wp-json\/wp\/v2\/media?parent=2163"}],"wp:term":[{"taxonomy":"category","embeddable":true,"href":"https:\/\/activaprospect.cat\/es\/wp-json\/wp\/v2\/categories?post=2163"},{"taxonomy":"post_tag","embeddable":true,"href":"https:\/\/activaprospect.cat\/es\/wp-json\/wp\/v2\/tags?post=2163"},{"taxonomy":"serveis","embeddable":true,"href":"https:\/\/activaprospect.cat\/es\/wp-json\/wp\/v2\/serveis?post=2163"},{"taxonomy":"post_series","embeddable":true,"href":"https:\/\/activaprospect.cat\/es\/wp-json\/wp\/v2\/post_series?post=2163"}],"curies":[{"name":"wp","href":"https:\/\/api.w.org\/{rel}","templated":true}]}}