{"id":2284,"date":"2021-04-13T11:35:34","date_gmt":"2021-04-13T11:35:34","guid":{"rendered":"https:\/\/activaprospect.cat\/?p=2284"},"modified":"2021-04-13T11:35:42","modified_gmt":"2021-04-13T11:35:42","slug":"arranca-la-feria-virtual-coopart-muestra-del-comercio-de-artesania","status":"publish","type":"post","link":"https:\/\/activaprospect.cat\/es\/2021\/04\/13\/arranca-la-feria-virtual-coopart-muestra-del-comercio-de-artesania\/","title":{"rendered":"Arranca la Feria Virtual Coop&#8217;Art, Muestra del comercio de artesan\u00eda"},"content":{"rendered":"\n<p>Hoy arranca La \u00abFeria Virtual Coop&#8217;Art, Muestra del comercio de artesan\u00eda\u00bb, un evento organizado por la Diputaci\u00f3 de Barcelona en el marco del proyecto COOP&#8217;ART, un proyecto de cooperaci\u00f3n transfronteriza cofinanciado por el programa INTERREG-POCTEFA del cual Act\u00edva Prospect forma parte como entidad socia. <\/p>\n\n\n\n<p>El objetivo de la Feria Virtual COOP&#8217;ART es visibilizar el papel de la artesan\u00eda para la innovaci\u00f3n comercial y la singularizaci\u00f3n de los territorios.<\/p>\n\n\n\n<p>La Feria se alargar\u00e1 hasta el pr\u00f3ximo 17 de abril y ofrece un espacio de expositores de artesan\u00eda y m\u00faltiples actividades.<\/p>\n\n\n\n<p>M\u00e1s informaci\u00f3n: <a href=\"https:\/\/coopart.firesvirtuals.cat\/\" target=\"_blank\" rel=\"noreferrer noopener\">https:\/\/coopart.firesvirtuals.cat\/<\/a><\/p>\n","protected":false},"excerpt":{"rendered":"<p>Hoy arranca La \u00abFeria Virtual Coop&#8217;Art, Muestra del comercio de artesan\u00eda\u00bb, un evento organizado por la Diputaci\u00f3 de Barcelona en el marco del proyecto COOP&#8217;ART, un proyecto de cooperaci\u00f3n transfronteriza cofinanciado por el programa INTERREG-POCTEFA del cual Act\u00edva Prospect forma parte como entidad socia. El objetivo de la Feria Virtual COOP&#8217;ART es visibilizar el papel&hellip;<\/p>\n","protected":false},"author":2,"featured_media":2285,"comment_status":"open","ping_status":"closed","sticky":false,"template":"","format":"standard","meta":{"footnotes":""},"categories":[143,146],"tags":[],"serveis":[263],"post_series":[],"class_list":["post-2284","post","type-post","status-publish","format-standard","has-post-thumbnail","hentry","category-noticias","category-proyectos-europeos","serveis-gestio-de-projectes-i-serveis-es","entry","has-media"],"yoast_head":"<!-- This site is optimized with the Yoast SEO plugin v26.8 - https:\/\/yoast.com\/product\/yoast-seo-wordpress\/ -->\n<title>Arranca la Feria Virtual Coop&#039;Art, Muestra del comercio de artesan\u00eda - Act\u00edva Prospect<\/title>\n<meta name=\"description\" content=\"Noticias de Activa Prospect: Arranca la Feria Virtual Coop&#039;Art, Muestra del comercio de artesan\u00eda.\" \/>\n<meta name=\"robots\" content=\"index, follow, max-snippet:-1, max-image-preview:large, max-video-preview:-1\" \/>\n<link rel=\"canonical\" href=\"https:\/\/activaprospect.cat\/es\/2021\/04\/13\/arranca-la-feria-virtual-coopart-muestra-del-comercio-de-artesania\/\" \/>\n<meta property=\"og:locale\" content=\"es_ES\" \/>\n<meta property=\"og:type\" content=\"article\" \/>\n<meta property=\"og:title\" content=\"Arranca la Feria Virtual Coop&#039;Art, Muestra del comercio de artesan\u00eda - Act\u00edva Prospect\" \/>\n<meta property=\"og:description\" content=\"Noticias de Activa Prospect: Arranca la Feria Virtual Coop&#039;Art, Muestra del comercio de artesan\u00eda.\" \/>\n<meta property=\"og:url\" content=\"https:\/\/activaprospect.cat\/es\/2021\/04\/13\/arranca-la-feria-virtual-coopart-muestra-del-comercio-de-artesania\/\" \/>\n<meta property=\"og:site_name\" content=\"Act\u00edva Prospect\" \/>\n<meta property=\"article:published_time\" content=\"2021-04-13T11:35:34+00:00\" \/>\n<meta property=\"article:modified_time\" content=\"2021-04-13T11:35:42+00:00\" \/>\n<meta property=\"og:image\" content=\"https:\/\/activaprospect.cat\/wp-content\/uploads\/2021\/04\/cooopart.png\" \/>\n\t<meta property=\"og:image:width\" content=\"1123\" \/>\n\t<meta property=\"og:image:height\" content=\"1051\" \/>\n\t<meta property=\"og:image:type\" content=\"image\/png\" \/>\n<meta name=\"author\" content=\"Activaprospect\" \/>\n<meta name=\"twitter:card\" content=\"summary_large_image\" \/>\n<meta name=\"twitter:creator\" content=\"@activaprospect\" \/>\n<meta name=\"twitter:site\" content=\"@activaprospect\" \/>\n<meta name=\"twitter:label1\" content=\"Escrito por\" \/>\n\t<meta name=\"twitter:data1\" content=\"Activaprospect\" \/>\n\t<meta name=\"twitter:label2\" content=\"Tiempo de lectura\" \/>\n\t<meta name=\"twitter:data2\" content=\"1 minuto\" \/>\n<script type=\"application\/ld+json\" class=\"yoast-schema-graph\">{\"@context\":\"https:\/\/schema.org\",\"@graph\":[{\"@type\":\"Article\",\"@id\":\"https:\/\/activaprospect.cat\/es\/2021\/04\/13\/arranca-la-feria-virtual-coopart-muestra-del-comercio-de-artesania\/#article\",\"isPartOf\":{\"@id\":\"https:\/\/activaprospect.cat\/es\/2021\/04\/13\/arranca-la-feria-virtual-coopart-muestra-del-comercio-de-artesania\/\"},\"author\":{\"name\":\"Activaprospect\",\"@id\":\"https:\/\/activaprospect.cat\/es\/#\/schema\/person\/6d0b94bc026be54d389f6e2c8b29c734\"},\"headline\":\"Arranca la Feria Virtual Coop&#8217;Art, Muestra del comercio de artesan\u00eda\",\"datePublished\":\"2021-04-13T11:35:34+00:00\",\"dateModified\":\"2021-04-13T11:35:42+00:00\",\"mainEntityOfPage\":{\"@id\":\"https:\/\/activaprospect.cat\/es\/2021\/04\/13\/arranca-la-feria-virtual-coopart-muestra-del-comercio-de-artesania\/\"},\"wordCount\":120,\"commentCount\":0,\"publisher\":{\"@id\":\"https:\/\/activaprospect.cat\/es\/#organization\"},\"image\":{\"@id\":\"https:\/\/activaprospect.cat\/es\/2021\/04\/13\/arranca-la-feria-virtual-coopart-muestra-del-comercio-de-artesania\/#primaryimage\"},\"thumbnailUrl\":\"https:\/\/activaprospect.cat\/wp-content\/uploads\/2021\/04\/cooopart.png\",\"articleSection\":[\"Noticias\",\"Proyectos europeos\"],\"inLanguage\":\"es\",\"potentialAction\":[{\"@type\":\"CommentAction\",\"name\":\"Comment\",\"target\":[\"https:\/\/activaprospect.cat\/es\/2021\/04\/13\/arranca-la-feria-virtual-coopart-muestra-del-comercio-de-artesania\/#respond\"]}]},{\"@type\":\"WebPage\",\"@id\":\"https:\/\/activaprospect.cat\/es\/2021\/04\/13\/arranca-la-feria-virtual-coopart-muestra-del-comercio-de-artesania\/\",\"url\":\"https:\/\/activaprospect.cat\/es\/2021\/04\/13\/arranca-la-feria-virtual-coopart-muestra-del-comercio-de-artesania\/\",\"name\":\"Arranca la Feria Virtual Coop'Art, Muestra del comercio de artesan\u00eda - Act\u00edva Prospect\",\"isPartOf\":{\"@id\":\"https:\/\/activaprospect.cat\/es\/#website\"},\"primaryImageOfPage\":{\"@id\":\"https:\/\/activaprospect.cat\/es\/2021\/04\/13\/arranca-la-feria-virtual-coopart-muestra-del-comercio-de-artesania\/#primaryimage\"},\"image\":{\"@id\":\"https:\/\/activaprospect.cat\/es\/2021\/04\/13\/arranca-la-feria-virtual-coopart-muestra-del-comercio-de-artesania\/#primaryimage\"},\"thumbnailUrl\":\"https:\/\/activaprospect.cat\/wp-content\/uploads\/2021\/04\/cooopart.png\",\"datePublished\":\"2021-04-13T11:35:34+00:00\",\"dateModified\":\"2021-04-13T11:35:42+00:00\",\"description\":\"Noticias de Activa Prospect: Arranca la Feria Virtual Coop'Art, Muestra del comercio de artesan\u00eda.\",\"breadcrumb\":{\"@id\":\"https:\/\/activaprospect.cat\/es\/2021\/04\/13\/arranca-la-feria-virtual-coopart-muestra-del-comercio-de-artesania\/#breadcrumb\"},\"inLanguage\":\"es\",\"potentialAction\":[{\"@type\":\"ReadAction\",\"target\":[\"https:\/\/activaprospect.cat\/es\/2021\/04\/13\/arranca-la-feria-virtual-coopart-muestra-del-comercio-de-artesania\/\"]}]},{\"@type\":\"ImageObject\",\"inLanguage\":\"es\",\"@id\":\"https:\/\/activaprospect.cat\/es\/2021\/04\/13\/arranca-la-feria-virtual-coopart-muestra-del-comercio-de-artesania\/#primaryimage\",\"url\":\"https:\/\/activaprospect.cat\/wp-content\/uploads\/2021\/04\/cooopart.png\",\"contentUrl\":\"https:\/\/activaprospect.cat\/wp-content\/uploads\/2021\/04\/cooopart.png\",\"width\":1123,\"height\":1051},{\"@type\":\"BreadcrumbList\",\"@id\":\"https:\/\/activaprospect.cat\/es\/2021\/04\/13\/arranca-la-feria-virtual-coopart-muestra-del-comercio-de-artesania\/#breadcrumb\",\"itemListElement\":[{\"@type\":\"ListItem\",\"position\":1,\"name\":\"Inici\",\"item\":\"https:\/\/activaprospect.cat\/es\/\"},{\"@type\":\"ListItem\",\"position\":2,\"name\":\"Arranca la Feria Virtual Coop&#8217;Art, Muestra del comercio de artesan\u00eda\"}]},{\"@type\":\"WebSite\",\"@id\":\"https:\/\/activaprospect.cat\/es\/#website\",\"url\":\"https:\/\/activaprospect.cat\/es\/\",\"name\":\"Act\u00edva Prospect\",\"description\":\"Serveis de recerca, consultoria i assist&egrave;ncia t&egrave;cnica per la implementaci&oacute; de pol&iacute;tiques i projectes en l&#039;&agrave;mbit econ&ograve;mic i social\",\"publisher\":{\"@id\":\"https:\/\/activaprospect.cat\/es\/#organization\"},\"potentialAction\":[{\"@type\":\"SearchAction\",\"target\":{\"@type\":\"EntryPoint\",\"urlTemplate\":\"https:\/\/activaprospect.cat\/es\/?s={search_term_string}\"},\"query-input\":{\"@type\":\"PropertyValueSpecification\",\"valueRequired\":true,\"valueName\":\"search_term_string\"}}],\"inLanguage\":\"es\"},{\"@type\":\"Organization\",\"@id\":\"https:\/\/activaprospect.cat\/es\/#organization\",\"name\":\"ACT\u00cdVA PROSPECT Research & Solutions, S.L.\",\"url\":\"https:\/\/activaprospect.cat\/es\/\",\"logo\":{\"@type\":\"ImageObject\",\"inLanguage\":\"es\",\"@id\":\"https:\/\/activaprospect.cat\/es\/#\/schema\/logo\/image\/\",\"url\":\"https:\/\/activaprospect.cat\/wp-content\/uploads\/2018\/01\/logo-activa.png\",\"contentUrl\":\"https:\/\/activaprospect.cat\/wp-content\/uploads\/2018\/01\/logo-activa.png\",\"width\":365,\"height\":130,\"caption\":\"ACT\u00cdVA PROSPECT Research & Solutions, S.L.\"},\"image\":{\"@id\":\"https:\/\/activaprospect.cat\/es\/#\/schema\/logo\/image\/\"},\"sameAs\":[\"https:\/\/x.com\/activaprospect\",\"https:\/\/www.linkedin.com\/company\/activa-prospect\"]},{\"@type\":\"Person\",\"@id\":\"https:\/\/activaprospect.cat\/es\/#\/schema\/person\/6d0b94bc026be54d389f6e2c8b29c734\",\"name\":\"Activaprospect\",\"image\":{\"@type\":\"ImageObject\",\"inLanguage\":\"es\",\"@id\":\"https:\/\/activaprospect.cat\/es\/#\/schema\/person\/image\/\",\"url\":\"https:\/\/secure.gravatar.com\/avatar\/fcb321e95a052e2a22e9a6db968f9581b435a4e2c56d94a7b433b52695643a80?s=96&d=mm&r=g\",\"contentUrl\":\"https:\/\/secure.gravatar.com\/avatar\/fcb321e95a052e2a22e9a6db968f9581b435a4e2c56d94a7b433b52695643a80?s=96&d=mm&r=g\",\"caption\":\"Activaprospect\"},\"url\":\"https:\/\/activaprospect.cat\/es\/author\/activaprospect\/\"}]}<\/script>\n<!-- \/ Yoast SEO plugin. -->","yoast_head_json":{"title":"Arranca la Feria Virtual Coop'Art, Muestra del comercio de artesan\u00eda - Act\u00edva Prospect","description":"Noticias de Activa Prospect: Arranca la Feria Virtual Coop'Art, Muestra del comercio de artesan\u00eda.","robots":{"index":"index","follow":"follow","max-snippet":"max-snippet:-1","max-image-preview":"max-image-preview:large","max-video-preview":"max-video-preview:-1"},"canonical":"https:\/\/activaprospect.cat\/es\/2021\/04\/13\/arranca-la-feria-virtual-coopart-muestra-del-comercio-de-artesania\/","og_locale":"es_ES","og_type":"article","og_title":"Arranca la Feria Virtual Coop'Art, Muestra del comercio de artesan\u00eda - Act\u00edva Prospect","og_description":"Noticias de Activa Prospect: Arranca la Feria Virtual Coop'Art, Muestra del comercio de artesan\u00eda.","og_url":"https:\/\/activaprospect.cat\/es\/2021\/04\/13\/arranca-la-feria-virtual-coopart-muestra-del-comercio-de-artesania\/","og_site_name":"Act\u00edva Prospect","article_published_time":"2021-04-13T11:35:34+00:00","article_modified_time":"2021-04-13T11:35:42+00:00","og_image":[{"width":1123,"height":1051,"url":"https:\/\/activaprospect.cat\/wp-content\/uploads\/2021\/04\/cooopart.png","type":"image\/png"}],"author":"Activaprospect","twitter_card":"summary_large_image","twitter_creator":"@activaprospect","twitter_site":"@activaprospect","twitter_misc":{"Escrito por":"Activaprospect","Tiempo de lectura":"1 minuto"},"schema":{"@context":"https:\/\/schema.org","@graph":[{"@type":"Article","@id":"https:\/\/activaprospect.cat\/es\/2021\/04\/13\/arranca-la-feria-virtual-coopart-muestra-del-comercio-de-artesania\/#article","isPartOf":{"@id":"https:\/\/activaprospect.cat\/es\/2021\/04\/13\/arranca-la-feria-virtual-coopart-muestra-del-comercio-de-artesania\/"},"author":{"name":"Activaprospect","@id":"https:\/\/activaprospect.cat\/es\/#\/schema\/person\/6d0b94bc026be54d389f6e2c8b29c734"},"headline":"Arranca la Feria Virtual Coop&#8217;Art, Muestra del comercio de artesan\u00eda","datePublished":"2021-04-13T11:35:34+00:00","dateModified":"2021-04-13T11:35:42+00:00","mainEntityOfPage":{"@id":"https:\/\/activaprospect.cat\/es\/2021\/04\/13\/arranca-la-feria-virtual-coopart-muestra-del-comercio-de-artesania\/"},"wordCount":120,"commentCount":0,"publisher":{"@id":"https:\/\/activaprospect.cat\/es\/#organization"},"image":{"@id":"https:\/\/activaprospect.cat\/es\/2021\/04\/13\/arranca-la-feria-virtual-coopart-muestra-del-comercio-de-artesania\/#primaryimage"},"thumbnailUrl":"https:\/\/activaprospect.cat\/wp-content\/uploads\/2021\/04\/cooopart.png","articleSection":["Noticias","Proyectos europeos"],"inLanguage":"es","potentialAction":[{"@type":"CommentAction","name":"Comment","target":["https:\/\/activaprospect.cat\/es\/2021\/04\/13\/arranca-la-feria-virtual-coopart-muestra-del-comercio-de-artesania\/#respond"]}]},{"@type":"WebPage","@id":"https:\/\/activaprospect.cat\/es\/2021\/04\/13\/arranca-la-feria-virtual-coopart-muestra-del-comercio-de-artesania\/","url":"https:\/\/activaprospect.cat\/es\/2021\/04\/13\/arranca-la-feria-virtual-coopart-muestra-del-comercio-de-artesania\/","name":"Arranca la Feria Virtual Coop'Art, Muestra del comercio de artesan\u00eda - Act\u00edva Prospect","isPartOf":{"@id":"https:\/\/activaprospect.cat\/es\/#website"},"primaryImageOfPage":{"@id":"https:\/\/activaprospect.cat\/es\/2021\/04\/13\/arranca-la-feria-virtual-coopart-muestra-del-comercio-de-artesania\/#primaryimage"},"image":{"@id":"https:\/\/activaprospect.cat\/es\/2021\/04\/13\/arranca-la-feria-virtual-coopart-muestra-del-comercio-de-artesania\/#primaryimage"},"thumbnailUrl":"https:\/\/activaprospect.cat\/wp-content\/uploads\/2021\/04\/cooopart.png","datePublished":"2021-04-13T11:35:34+00:00","dateModified":"2021-04-13T11:35:42+00:00","description":"Noticias de Activa Prospect: Arranca la Feria Virtual Coop'Art, Muestra del comercio de artesan\u00eda.","breadcrumb":{"@id":"https:\/\/activaprospect.cat\/es\/2021\/04\/13\/arranca-la-feria-virtual-coopart-muestra-del-comercio-de-artesania\/#breadcrumb"},"inLanguage":"es","potentialAction":[{"@type":"ReadAction","target":["https:\/\/activaprospect.cat\/es\/2021\/04\/13\/arranca-la-feria-virtual-coopart-muestra-del-comercio-de-artesania\/"]}]},{"@type":"ImageObject","inLanguage":"es","@id":"https:\/\/activaprospect.cat\/es\/2021\/04\/13\/arranca-la-feria-virtual-coopart-muestra-del-comercio-de-artesania\/#primaryimage","url":"https:\/\/activaprospect.cat\/wp-content\/uploads\/2021\/04\/cooopart.png","contentUrl":"https:\/\/activaprospect.cat\/wp-content\/uploads\/2021\/04\/cooopart.png","width":1123,"height":1051},{"@type":"BreadcrumbList","@id":"https:\/\/activaprospect.cat\/es\/2021\/04\/13\/arranca-la-feria-virtual-coopart-muestra-del-comercio-de-artesania\/#breadcrumb","itemListElement":[{"@type":"ListItem","position":1,"name":"Inici","item":"https:\/\/activaprospect.cat\/es\/"},{"@type":"ListItem","position":2,"name":"Arranca la Feria Virtual Coop&#8217;Art, Muestra del comercio de artesan\u00eda"}]},{"@type":"WebSite","@id":"https:\/\/activaprospect.cat\/es\/#website","url":"https:\/\/activaprospect.cat\/es\/","name":"Act\u00edva Prospect","description":"Serveis de recerca, consultoria i assist&egrave;ncia t&egrave;cnica per la implementaci&oacute; de pol&iacute;tiques i projectes en l&#039;&agrave;mbit econ&ograve;mic i social","publisher":{"@id":"https:\/\/activaprospect.cat\/es\/#organization"},"potentialAction":[{"@type":"SearchAction","target":{"@type":"EntryPoint","urlTemplate":"https:\/\/activaprospect.cat\/es\/?s={search_term_string}"},"query-input":{"@type":"PropertyValueSpecification","valueRequired":true,"valueName":"search_term_string"}}],"inLanguage":"es"},{"@type":"Organization","@id":"https:\/\/activaprospect.cat\/es\/#organization","name":"ACT\u00cdVA PROSPECT Research & Solutions, S.L.","url":"https:\/\/activaprospect.cat\/es\/","logo":{"@type":"ImageObject","inLanguage":"es","@id":"https:\/\/activaprospect.cat\/es\/#\/schema\/logo\/image\/","url":"https:\/\/activaprospect.cat\/wp-content\/uploads\/2018\/01\/logo-activa.png","contentUrl":"https:\/\/activaprospect.cat\/wp-content\/uploads\/2018\/01\/logo-activa.png","width":365,"height":130,"caption":"ACT\u00cdVA PROSPECT Research & Solutions, S.L."},"image":{"@id":"https:\/\/activaprospect.cat\/es\/#\/schema\/logo\/image\/"},"sameAs":["https:\/\/x.com\/activaprospect","https:\/\/www.linkedin.com\/company\/activa-prospect"]},{"@type":"Person","@id":"https:\/\/activaprospect.cat\/es\/#\/schema\/person\/6d0b94bc026be54d389f6e2c8b29c734","name":"Activaprospect","image":{"@type":"ImageObject","inLanguage":"es","@id":"https:\/\/activaprospect.cat\/es\/#\/schema\/person\/image\/","url":"https:\/\/secure.gravatar.com\/avatar\/fcb321e95a052e2a22e9a6db968f9581b435a4e2c56d94a7b433b52695643a80?s=96&d=mm&r=g","contentUrl":"https:\/\/secure.gravatar.com\/avatar\/fcb321e95a052e2a22e9a6db968f9581b435a4e2c56d94a7b433b52695643a80?s=96&d=mm&r=g","caption":"Activaprospect"},"url":"https:\/\/activaprospect.cat\/es\/author\/activaprospect\/"}]}},"_links":{"self":[{"href":"https:\/\/activaprospect.cat\/es\/wp-json\/wp\/v2\/posts\/2284","targetHints":{"allow":["GET"]}}],"collection":[{"href":"https:\/\/activaprospect.cat\/es\/wp-json\/wp\/v2\/posts"}],"about":[{"href":"https:\/\/activaprospect.cat\/es\/wp-json\/wp\/v2\/types\/post"}],"author":[{"embeddable":true,"href":"https:\/\/activaprospect.cat\/es\/wp-json\/wp\/v2\/users\/2"}],"replies":[{"embeddable":true,"href":"https:\/\/activaprospect.cat\/es\/wp-json\/wp\/v2\/comments?post=2284"}],"version-history":[{"count":0,"href":"https:\/\/activaprospect.cat\/es\/wp-json\/wp\/v2\/posts\/2284\/revisions"}],"wp:featuredmedia":[{"embeddable":true,"href":"https:\/\/activaprospect.cat\/es\/wp-json\/wp\/v2\/media\/2285"}],"wp:attachment":[{"href":"https:\/\/activaprospect.cat\/es\/wp-json\/wp\/v2\/media?parent=2284"}],"wp:term":[{"taxonomy":"category","embeddable":true,"href":"https:\/\/activaprospect.cat\/es\/wp-json\/wp\/v2\/categories?post=2284"},{"taxonomy":"post_tag","embeddable":true,"href":"https:\/\/activaprospect.cat\/es\/wp-json\/wp\/v2\/tags?post=2284"},{"taxonomy":"serveis","embeddable":true,"href":"https:\/\/activaprospect.cat\/es\/wp-json\/wp\/v2\/serveis?post=2284"},{"taxonomy":"post_series","embeddable":true,"href":"https:\/\/activaprospect.cat\/es\/wp-json\/wp\/v2\/post_series?post=2284"}],"curies":[{"name":"wp","href":"https:\/\/api.w.org\/{rel}","templated":true}]}}